{"id":13854,"date":"2021-10-23T01:29:30","date_gmt":"2021-10-23T01:29:30","guid":{"rendered":"https:\/\/arroyitoonline.com.ar\/?p=13854"},"modified":"2021-10-23T02:29:28","modified_gmt":"2021-10-23T02:29:28","slug":"rebrote-de-covid-19-en-sacanta-un-caso-de-variante-delta-y-ocho-mas-en-estudio","status":"publish","type":"post","link":"https:\/\/arroyitoonline.com.ar\/?p=13854","title":{"rendered":"Rebrote de Covid-19 en Sacanta: un caso de variante Delta y ocho m\u00e1s en estudio"},"content":{"rendered":"\n<p><strong>Se trata de un familiar de la mujer de 68 a\u00f1os de nuestra ciudad, que est\u00e1 internada en el Hospital Iturraspe de San Francisco.<\/strong><\/p>\n\n\n\n<p>Hoy viernes 22 de octubre son 23 los casos positivos activos de Covid -19 y m\u00e1s de 100 las personas que permanecen aisladas en Sacanta. Esta situaci\u00f3n oblig\u00f3 a las autoridades de la localidad de poco m\u00e1s de 3.000 habitantes a suspender actividades culturales y sociales que estaban previstas para estos d\u00edas.<\/p>\n\n\n\n<p>En conferencia de prensa, el intendente Daniel Garnero, el director de Salud Juan Pomiro, el m\u00e9dico Bruno Bianchi y el secretario de Gobierno Jos\u00e9 Mecchia brindaron un panorama de la situaci\u00f3n epidemiol\u00f3gica actual de Sacanta. En este marco, confirmaron que tras detectarse un caso positivo de la Delta aguardan el resultado de al menos otros ocho casos, para saber si se trata de la misma variante.<\/p>\n\n\n\n<figure class=\"wp-block-embed-instagram aligncenter wp-block-embed is-type-rich is-provider-instagram\"><div class=\"wp-block-embed__wrapper\">\nhttps:\/\/www.instagram.com\/tv\/CVWIHY8DYtG\/?utm_source=ig_web_copy_link\n<\/div><figcaption><em>La conferencia que brindaron las autoridades de Sacanta, para confirmar el rebrote de casos de Covid-19.<\/em><\/figcaption><\/figure>\n\n\n\n<p>Asimismo, recordaron que quienes contraen la cepa Delta deben cumplir 18 d\u00edas de aislamiento estricto, mientras que los contactos estrechos, 14.&nbsp;<\/p>\n\n\n\n<p>Se conoci\u00f3 que hubo contagios en colegios primarios y secundarios del pueblo en los que se ha notado un importante ausentismo. Por este motivo, al menos la pr\u00f3xima semana, las clases en Sacanta ser\u00e1n solo virtuales.<\/p>\n\n\n\n<p>En cuanto al caso 1 de variante Delta de Covid-19 en esa localidad, se trata de un familiar de la mujer de 68 a\u00f1os de Arroyito que se encuentra internada en la UTI en el Hospital Iturraspe de San Francisco, con asistencia respiratoria mec\u00e1nica.<\/p>\n\n\n\n<p>Este caso se registr\u00f3 el pasado 15 de octubre en nuestra ciudad, donde la mujer se efectu\u00f3 el hisopado PCR el cual arroj\u00f3 positivo de coronavirus y luego los an\u00e1lisis correspondientes confirmaron como resultado variante Delta.<\/p>\n\n\n\n<p>Durante el fin de semana, la mujer que estaba internada en el bloque de aislamiento del Hospital Municipal Dr. Carlos J. Rodr\u00edguez debi\u00f3 ser derivada al servicio de terapia del Iturraspe por complicaciones respiratorias.<\/p>\n\n\n\n<p>Se inform\u00f3 que, tanto la paciente como su n\u00facleo familiar, se encuentran inoculados con ambas dosis de la vacuna china Sinopharm.&nbsp;<\/p>\n\n\n\n<h4 class=\"wp-block-heading\"><strong>Bajo control<\/strong><\/h4>\n\n\n\n<p>Luego de haberse generado cierto clima de alarma en Sacanta, tanto el titular del Centro de Operaciones de Emergencias (COE) Regional 3, Valent\u00edn Vicente, como las autoridades municipales salieron a se\u00f1alar que <em>&#8220;la situaci\u00f3n sanitaria est\u00e1 controlada&#8221;<\/em>. El m\u00e9dico estim\u00f3 que estos nuevos contagios habr\u00edan ocurrido <em>&#8220;en alguna fiesta familiar o reuni\u00f3n por el D\u00eda de la Madre&#8221;<\/em>.<\/p>\n\n\n\n<p>En cuanto al estado general de los pacientes, indic\u00f3 que <em>&#8220;est\u00e1n controlados por las autoridades sanitarias&#8221;<\/em> y adem\u00e1s dijo que <em>&#8220;la mayor\u00eda de ellos estaba vacunado. Hasta el momento su estado de salud es bueno y no fue necesario que sean internados&#8221;<\/em>.<\/p>\n\n\n\n<p>Atento a lo ocurrido en Sacanta, Vicente recomend\u00f3 a la comunidad que <em>&#8220;contin\u00fae prestando atenci\u00f3n a las medidas sanitarias que se vienen aplicando hasta ahora. Es fundamental la vacunaci\u00f3n para reducir los riesgos sanitarios, sobre todas las cosas&#8221;<\/em>.<\/p>\n\n\n\n<p>Fuente: La Voz de San Justo.<\/p>\n","protected":false},"excerpt":{"rendered":"<p>Se trata de un familiar de la mujer de 68 a\u00f1os de nuestra ciudad, que est\u00e1 internada en el Hospital&hellip;<\/p>\n","protected":false},"author":3,"featured_media":13855,"comment_status":"closed","ping_status":"open","sticky":false,"template":"","format":"standard","meta":{"footnotes":""},"categories":[845],"tags":[66,67,836,1108,1152,1126,1177,948,702,1219,1289],"class_list":["post-13854","post","type-post","status-publish","format-standard","has-post-thumbnail","hentry","category-regionales-online","tag-arroyito","tag-arroyito-cordoba","tag-arroyito-online","tag-coronavirus","tag-covid-19","tag-hospital-iturraspe","tag-hospital-municipal-carlos-j-rodriguez","tag-noti","tag-sacanta","tag-vacunacion-covid-19","tag-variante-delta"],"_links":{"self":[{"href":"https:\/\/arroyitoonline.com.ar\/index.php?rest_route=\/wp\/v2\/posts\/13854","targetHints":{"allow":["GET"]}}],"collection":[{"href":"https:\/\/arroyitoonline.com.ar\/index.php?rest_route=\/wp\/v2\/posts"}],"about":[{"href":"https:\/\/arroyitoonline.com.ar\/index.php?rest_route=\/wp\/v2\/types\/post"}],"author":[{"embeddable":true,"href":"https:\/\/arroyitoonline.com.ar\/index.php?rest_route=\/wp\/v2\/users\/3"}],"replies":[{"embeddable":true,"href":"https:\/\/arroyitoonline.com.ar\/index.php?rest_route=%2Fwp%2Fv2%2Fcomments&post=13854"}],"version-history":[{"count":4,"href":"https:\/\/arroyitoonline.com.ar\/index.php?rest_route=\/wp\/v2\/posts\/13854\/revisions"}],"predecessor-version":[{"id":13860,"href":"https:\/\/arroyitoonline.com.ar\/index.php?rest_route=\/wp\/v2\/posts\/13854\/revisions\/13860"}],"wp:featuredmedia":[{"embeddable":true,"href":"https:\/\/arroyitoonline.com.ar\/index.php?rest_route=\/wp\/v2\/media\/13855"}],"wp:attachment":[{"href":"https:\/\/arroyitoonline.com.ar\/index.php?rest_route=%2Fwp%2Fv2%2Fmedia&parent=13854"}],"wp:term":[{"taxonomy":"category","embeddable":true,"href":"https:\/\/arroyitoonline.com.ar\/index.php?rest_route=%2Fwp%2Fv2%2Fcategories&post=13854"},{"taxonomy":"post_tag","embeddable":true,"href":"https:\/\/arroyitoonline.com.ar\/index.php?rest_route=%2Fwp%2Fv2%2Ftags&post=13854"}],"curies":[{"name":"wp","href":"https:\/\/api.w.org\/{rel}","templated":true}]}}