{"id":13862,"date":"2021-10-25T14:35:54","date_gmt":"2021-10-25T14:35:54","guid":{"rendered":"https:\/\/arroyitoonline.com.ar\/?p=13862"},"modified":"2021-10-25T14:37:44","modified_gmt":"2021-10-25T14:37:44","slug":"fallecio-la-querida-tita-de-maggi-a-los-84-anos","status":"publish","type":"post","link":"https:\/\/arroyitoonline.com.ar\/?p=13862","title":{"rendered":"Falleci\u00f3 la querida Tita de Maggi, a los 84 a\u00f1os"},"content":{"rendered":"\n<p><strong>Era maestra rural jubilada, con una trayectoria de 32 a\u00f1os en la docencia, en cuyo rol dej\u00f3 su huella imborrable.<\/strong><\/p>\n\n\n\n<p>Este domingo 24 de octubre, muri\u00f3 la querida Mar\u00eda Catalina Pavese, conocida por todos como Tita de Maggi.<\/p>\n\n\n\n<p>Tita ten\u00eda 84 a\u00f1os, cumplidos el 9 de febrero pasado. Era maestra rural jubilada, con una trayectoria de 32 a\u00f1os en la docencia, en cuyo rol dej\u00f3 su huella imborrable. Adem\u00e1s, fue una de las m\u00e1ximas referentes de Caritas Parroquial y catequista muy dedicada.<\/p>\n\n\n\n<p>Recordada con cari\u00f1o por sus exalumnos y cada persona que la conoci\u00f3, por su impronta para ense\u00f1ar y su solidaridad sin condiciones.<\/p>\n\n\n\n<p>Los restos mortales de Tita son velados en salas velatorias de Av. Mariano Moreno esquina Bianchi. A las 12:00 horas ser\u00e1 el sepelio en el Cementerio local, previo oficio religioso de cuerpo presente en la Parroquia Nuestra Se\u00f1ora de la Merced.<\/p>\n\n\n\n<p>Quienes hacemos Arroyito Online enviamos condolencias a sus hijas Gloria, Mar\u00eda Eugenia, Marcela, Mar\u00eda de los \u00c1ngeles y Marisa; sus nietos y todos sus seres queridos. \u00a1QEPD, querida Tita!<\/p>\n","protected":false},"excerpt":{"rendered":"<p>Era maestra rural jubilada, con una trayectoria de 32 a\u00f1os en la docencia, en cuyo rol dej\u00f3 su huella imborrable.&hellip;<\/p>\n","protected":false},"author":3,"featured_media":13863,"comment_status":"closed","ping_status":"open","sticky":false,"template":"","format":"standard","meta":{"footnotes":""},"categories":[900],"tags":[66,67,836,298,299,572],"class_list":["post-13862","post","type-post","status-publish","format-standard","has-post-thumbnail","hentry","category-noticias","tag-arroyito","tag-arroyito-cordoba","tag-arroyito-online","tag-docencia","tag-docentes","tag-noticias-de-arroyito-y-zona"],"_links":{"self":[{"href":"https:\/\/arroyitoonline.com.ar\/index.php?rest_route=\/wp\/v2\/posts\/13862","targetHints":{"allow":["GET"]}}],"collection":[{"href":"https:\/\/arroyitoonline.com.ar\/index.php?rest_route=\/wp\/v2\/posts"}],"about":[{"href":"https:\/\/arroyitoonline.com.ar\/index.php?rest_route=\/wp\/v2\/types\/post"}],"author":[{"embeddable":true,"href":"https:\/\/arroyitoonline.com.ar\/index.php?rest_route=\/wp\/v2\/users\/3"}],"replies":[{"embeddable":true,"href":"https:\/\/arroyitoonline.com.ar\/index.php?rest_route=%2Fwp%2Fv2%2Fcomments&post=13862"}],"version-history":[{"count":3,"href":"https:\/\/arroyitoonline.com.ar\/index.php?rest_route=\/wp\/v2\/posts\/13862\/revisions"}],"predecessor-version":[{"id":13866,"href":"https:\/\/arroyitoonline.com.ar\/index.php?rest_route=\/wp\/v2\/posts\/13862\/revisions\/13866"}],"wp:featuredmedia":[{"embeddable":true,"href":"https:\/\/arroyitoonline.com.ar\/index.php?rest_route=\/wp\/v2\/media\/13863"}],"wp:attachment":[{"href":"https:\/\/arroyitoonline.com.ar\/index.php?rest_route=%2Fwp%2Fv2%2Fmedia&parent=13862"}],"wp:term":[{"taxonomy":"category","embeddable":true,"href":"https:\/\/arroyitoonline.com.ar\/index.php?rest_route=%2Fwp%2Fv2%2Fcategories&post=13862"},{"taxonomy":"post_tag","embeddable":true,"href":"https:\/\/arroyitoonline.com.ar\/index.php?rest_route=%2Fwp%2Fv2%2Ftags&post=13862"}],"curies":[{"name":"wp","href":"https:\/\/api.w.org\/{rel}","templated":true}]}}