{"id":13868,"date":"2021-10-25T19:23:25","date_gmt":"2021-10-25T19:23:25","guid":{"rendered":"https:\/\/arroyitoonline.com.ar\/?p=13868"},"modified":"2021-10-25T19:38:48","modified_gmt":"2021-10-25T19:38:48","slug":"entro-a-un-campo-ajeno-ocasiono-danos-en-la-tranquera-y-fue-detenido","status":"publish","type":"post","link":"https:\/\/arroyitoonline.com.ar\/?p=13868","title":{"rendered":"Entr\u00f3 a un campo ajeno, ocasion\u00f3 da\u00f1os en la tranquera y fue detenido"},"content":{"rendered":"\n<p><strong>La persona que vive en el inmueble lo descubri\u00f3 dentro de un corral con cabras y lo retuvo hasta que lleg\u00f3 la Polic\u00eda. <\/strong><\/p>\n\n\n\n<p>A las 2:25 horas del \u00b4s\u00e1bado 23 fue solicitada la presencia policial en un campo de la zona rural distante un kil\u00f3metro al sur de Arroyito, el cual est\u00e1 arrendado por un hombre de 58 a\u00f1os. Seg\u00fan fue informado a los uniformados, en el interior del inmueble hab\u00eda una persona desconocida.<\/p>\n\n\n\n<p>Personal policial acudi\u00f3 de inmediato al lugar constatando la presencia del sujeto de 41 a\u00f1os, que hab\u00eda sido descubierto en un corral donde hay cabras y retenido por la persona que vive en el lugar.<\/p>\n\n\n\n<p>Adem\u00e1s, la Polic\u00eda constat\u00f3 que hab\u00eda ocasionado da\u00f1os en las trabas que presenta la tranquera y quiso fugarse en una motocicleta 110 CC en la que andaba. Fue trasladado a la Comisar\u00eda local, donde qued\u00f3 alojado a disposici\u00f3n de la Fiscal\u00eda de Instrucci\u00f3n de Arroyito.<\/p>\n","protected":false},"excerpt":{"rendered":"<p>La persona que vive en el inmueble lo descubri\u00f3 dentro de un corral con cabras y lo retuvo hasta que&hellip;<\/p>\n","protected":false},"author":3,"featured_media":4281,"comment_status":"closed","ping_status":"open","sticky":false,"template":"","format":"standard","meta":{"footnotes":""},"categories":[824],"tags":[66,67,836,146,572,635,637,638,825,819],"class_list":["post-13868","post","type-post","status-publish","format-standard","has-post-thumbnail","hentry","category-policiales-online","tag-arroyito","tag-arroyito-cordoba","tag-arroyito-online","tag-campo","tag-noticias-de-arroyito-y-zona","tag-policia","tag-policiales","tag-policiales-arroyito","tag-policiales-online","tag-zona-rural"],"_links":{"self":[{"href":"https:\/\/arroyitoonline.com.ar\/index.php?rest_route=\/wp\/v2\/posts\/13868","targetHints":{"allow":["GET"]}}],"collection":[{"href":"https:\/\/arroyitoonline.com.ar\/index.php?rest_route=\/wp\/v2\/posts"}],"about":[{"href":"https:\/\/arroyitoonline.com.ar\/index.php?rest_route=\/wp\/v2\/types\/post"}],"author":[{"embeddable":true,"href":"https:\/\/arroyitoonline.com.ar\/index.php?rest_route=\/wp\/v2\/users\/3"}],"replies":[{"embeddable":true,"href":"https:\/\/arroyitoonline.com.ar\/index.php?rest_route=%2Fwp%2Fv2%2Fcomments&post=13868"}],"version-history":[{"count":3,"href":"https:\/\/arroyitoonline.com.ar\/index.php?rest_route=\/wp\/v2\/posts\/13868\/revisions"}],"predecessor-version":[{"id":13871,"href":"https:\/\/arroyitoonline.com.ar\/index.php?rest_route=\/wp\/v2\/posts\/13868\/revisions\/13871"}],"wp:featuredmedia":[{"embeddable":true,"href":"https:\/\/arroyitoonline.com.ar\/index.php?rest_route=\/wp\/v2\/media\/4281"}],"wp:attachment":[{"href":"https:\/\/arroyitoonline.com.ar\/index.php?rest_route=%2Fwp%2Fv2%2Fmedia&parent=13868"}],"wp:term":[{"taxonomy":"category","embeddable":true,"href":"https:\/\/arroyitoonline.com.ar\/index.php?rest_route=%2Fwp%2Fv2%2Fcategories&post=13868"},{"taxonomy":"post_tag","embeddable":true,"href":"https:\/\/arroyitoonline.com.ar\/index.php?rest_route=%2Fwp%2Fv2%2Ftags&post=13868"}],"curies":[{"name":"wp","href":"https:\/\/api.w.org\/{rel}","templated":true}]}}