{"id":13872,"date":"2021-10-26T13:10:06","date_gmt":"2021-10-26T13:10:06","guid":{"rendered":"https:\/\/arroyitoonline.com.ar\/?p=13872"},"modified":"2021-10-26T13:10:12","modified_gmt":"2021-10-26T13:10:12","slug":"ejecutan-obras-en-la-plaza-de-los-homenajes-y-el-ensanchamiento-de-calzada-en-av-dalle-mura","status":"publish","type":"post","link":"https:\/\/arroyitoonline.com.ar\/?p=13872","title":{"rendered":"Ejecutan obras en la Plaza de los Homenajes y el ensanchamiento de calzada en Av. Dalle Mura"},"content":{"rendered":"\n<p><strong>La Secretar\u00eda de Servicios P\u00fablicos repara los caminos y senderos, reemplaza las losetas, y concreta trabajos de pintura y electricidad.<\/strong><\/p>\n\n\n\n<p>En estos d\u00edas, el intendente Benedetti recorri\u00f3 las refacciones y refuncionalizaciones que se est\u00e1n realizando en la Plaza de los Homenajes, donde la Secretar\u00eda de Servicios P\u00fablicos repara los caminos y senderos, reemplaza las losetas, y concreta trabajos de pintura y electricidad.<\/p>\n\n\n\n<p>Del mismo modo, en el sector colindante a la plaza, sobre la intersecci\u00f3n de la calle Isa\u00edas Vargas y la avenida Dalle Mura, ejecutan el ensanchamiento de la calzada para aliviar la circulaci\u00f3n del tr\u00e1nsito en ese punto neur\u00e1lgico de ingreso al sector sur que conecta con la ruta nacional 19.<\/p>\n\n\n\n<p>En este marco, Benedetti junto a los arquitectos y constructores, supervis\u00f3 y control\u00f3 las obras que est\u00e1n en acci\u00f3n en ese sector clave para el sur.<\/p>\n","protected":false},"excerpt":{"rendered":"<p>La Secretar\u00eda de Servicios P\u00fablicos repara los caminos y senderos, reemplaza las losetas, y concreta trabajos de pintura y electricidad.&hellip;<\/p>\n","protected":false},"author":3,"featured_media":13873,"comment_status":"closed","ping_status":"open","sticky":false,"template":"","format":"standard","meta":{"footnotes":""},"categories":[1044],"tags":[66,67,836,115,1102,968,572,578,1222,720,732],"class_list":["post-13872","post","type-post","status-publish","format-standard","has-post-thumbnail","hentry","category-obras-publicas","tag-arroyito","tag-arroyito-cordoba","tag-arroyito-online","tag-benedetti","tag-gobierno-municipal","tag-gustavo-benedetti","tag-noticias-de-arroyito-y-zona","tag-obras-publicas","tag-plaza-de-los-homenajes","tag-sector-sur","tag-servicios-publicos"],"_links":{"self":[{"href":"https:\/\/arroyitoonline.com.ar\/index.php?rest_route=\/wp\/v2\/posts\/13872","targetHints":{"allow":["GET"]}}],"collection":[{"href":"https:\/\/arroyitoonline.com.ar\/index.php?rest_route=\/wp\/v2\/posts"}],"about":[{"href":"https:\/\/arroyitoonline.com.ar\/index.php?rest_route=\/wp\/v2\/types\/post"}],"author":[{"embeddable":true,"href":"https:\/\/arroyitoonline.com.ar\/index.php?rest_route=\/wp\/v2\/users\/3"}],"replies":[{"embeddable":true,"href":"https:\/\/arroyitoonline.com.ar\/index.php?rest_route=%2Fwp%2Fv2%2Fcomments&post=13872"}],"version-history":[{"count":1,"href":"https:\/\/arroyitoonline.com.ar\/index.php?rest_route=\/wp\/v2\/posts\/13872\/revisions"}],"predecessor-version":[{"id":13874,"href":"https:\/\/arroyitoonline.com.ar\/index.php?rest_route=\/wp\/v2\/posts\/13872\/revisions\/13874"}],"wp:featuredmedia":[{"embeddable":true,"href":"https:\/\/arroyitoonline.com.ar\/index.php?rest_route=\/wp\/v2\/media\/13873"}],"wp:attachment":[{"href":"https:\/\/arroyitoonline.com.ar\/index.php?rest_route=%2Fwp%2Fv2%2Fmedia&parent=13872"}],"wp:term":[{"taxonomy":"category","embeddable":true,"href":"https:\/\/arroyitoonline.com.ar\/index.php?rest_route=%2Fwp%2Fv2%2Fcategories&post=13872"},{"taxonomy":"post_tag","embeddable":true,"href":"https:\/\/arroyitoonline.com.ar\/index.php?rest_route=%2Fwp%2Fv2%2Ftags&post=13872"}],"curies":[{"name":"wp","href":"https:\/\/api.w.org\/{rel}","templated":true}]}}