{"id":13890,"date":"2021-10-29T14:58:45","date_gmt":"2021-10-29T14:58:45","guid":{"rendered":"https:\/\/arroyitoonline.com.ar\/?p=13890"},"modified":"2021-10-29T14:58:46","modified_gmt":"2021-10-29T14:58:46","slug":"para-benedetti-en-esta-gestion-ningun-funcionario-tiene-la-silla-comprada","status":"publish","type":"post","link":"https:\/\/arroyitoonline.com.ar\/?p=13890","title":{"rendered":"Para Benedetti, en esta gesti\u00f3n, ning\u00fan funcionario tiene la silla comprada"},"content":{"rendered":"\n<p><strong>El intendente convoc\u00f3 a todos los miembros del Ejecutivo dejando entrever que podr\u00eda haber cambios en su cuerpo de funcionarios.<\/strong><\/p>\n\n\n\n<p>D\u00edas pasados, el intendente Gustavo Benedetti convoc\u00f3 a todos los funcionarios del Departamento Ejecutivo, para plantear los objetivos de la gesti\u00f3n, hasta fin de a\u00f1o. Tambi\u00e9n puntualiz\u00f3 que <em>&#8220;es necesario pulir algunas cuestiones y trabajar en debilidades y fortalezas&#8221;<\/em>.<\/p>\n\n\n\n<p>En la oportunidad, el jefe municipal explic\u00f3 que <em>&#8220;las obras que se est\u00e1n haciendo ac\u00e1 no se ven en otras localidades. Debemos estar orgullosos por eso, como as\u00ed tambi\u00e9n de la ejecuci\u00f3n de programas y planes&#8221;<\/em>.<\/p>\n\n\n\n<p>Por su parte, Benedetti expres\u00f3 que, en menos de dos a\u00f1os, comienza a solucionarse el tema de la provisi\u00f3n de agua potable, con la puesta en marcha de tres pozos en distintos sectores, <em>&#8220;algo en lo que no se invert\u00eda desde hace m\u00e1s de siete a\u00f1os&#8221;<\/em>. Se avanza adem\u00e1s, con la compra de terrenos para viviendas municipales, tema sobre el cual habr\u00eda novedades a la brevedad.<\/p>\n\n\n\n<p>En este marco, el primer mandatario local asever\u00f3 que necesita <em>&#8220;funcionarios que trabajen 24 horas, que est\u00e9n cien por ciento al servicio de los vecinos y la gesti\u00f3n&#8221;<\/em> y que <em>&#8220;nadie es irremplazable&#8221;<\/em>. Por tal motivo convoc\u00f3 a <em>&#8220;redoblar los esfuerzos para lo que resta del a\u00f1o y arrancar con todo el 2022&#8221;<\/em>.<\/p>\n\n\n\n<p>Sobre las potenciales salidas de diversos funcionarios, desde el entorno de Benedetti aseguran que en esta gesti\u00f3n nadie tiene la silla comprada, se har\u00e1n todos los cambios que se necesiten <em>&#8220;para el bien de los habitantes de Arroyito, La Curva y El Fuertecito y el de su proyecto pol\u00edtico, por el cual la gente lo eligi\u00f3&#8221;<\/em>.<\/p>\n\n\n\n<p><strong>Qu\u00e9 pasar\u00e1 con el Concejo Deliberante<\/strong><\/p>\n\n\n\n<p>Luego del tratamiento del proyecto de ordenanza \u201cNuevo R\u00e9gimen Regulatorio para el control y equilibrio poblacional de perros y gatos&#8221; y su env\u00edo a Comisi\u00f3n, se capitalizaron las diferencias ya existentes entre el Ejecutivo y los concejales oficialistas. <\/p>\n\n\n\n<p>Es que, cuatro de los cinco ediles que responden a Benedetti (Ferrero, Amantini, Colazo y Ver\u00f3n) se pusieron de acuerdo con sus pares de la oposici\u00f3n para la elaboraci\u00f3n de otro proyecto que implica la contrataci\u00f3n de un veterinario y la activaci\u00f3n de las castraciones masivas en el Centro de Zoonosis. <\/p>\n\n\n\n<p>Lo sucedido abri\u00f3 un signo de pregunta sobre la conformaci\u00f3n del bloque mayoritario a futuro. Los cambios ser\u00edan inminentes, ya que algunos de los actuales integrantes son suplentes que asumieron el rol, porque los titulares de esas bancas pasaron a secretar\u00edas y direcciones. En el entorno del primer mandatario nadie descarta que los enroques son posibles. <\/p>\n","protected":false},"excerpt":{"rendered":"<p>El intendente convoc\u00f3 a todos los miembros del Ejecutivo dejando entrever que podr\u00eda haber cambios en su cuerpo de funcionarios.&hellip;<\/p>\n","protected":false},"author":3,"featured_media":13891,"comment_status":"closed","ping_status":"open","sticky":false,"template":"","format":"standard","meta":{"footnotes":""},"categories":[8],"tags":[66,67,836,115,227,1102,968,572,640],"class_list":["post-13890","post","type-post","status-publish","format-standard","has-post-thumbnail","hentry","category-politica","tag-arroyito","tag-arroyito-cordoba","tag-arroyito-online","tag-benedetti","tag-concejo-deliberante","tag-gobierno-municipal","tag-gustavo-benedetti","tag-noticias-de-arroyito-y-zona","tag-politica"],"_links":{"self":[{"href":"https:\/\/arroyitoonline.com.ar\/index.php?rest_route=\/wp\/v2\/posts\/13890","targetHints":{"allow":["GET"]}}],"collection":[{"href":"https:\/\/arroyitoonline.com.ar\/index.php?rest_route=\/wp\/v2\/posts"}],"about":[{"href":"https:\/\/arroyitoonline.com.ar\/index.php?rest_route=\/wp\/v2\/types\/post"}],"author":[{"embeddable":true,"href":"https:\/\/arroyitoonline.com.ar\/index.php?rest_route=\/wp\/v2\/users\/3"}],"replies":[{"embeddable":true,"href":"https:\/\/arroyitoonline.com.ar\/index.php?rest_route=%2Fwp%2Fv2%2Fcomments&post=13890"}],"version-history":[{"count":1,"href":"https:\/\/arroyitoonline.com.ar\/index.php?rest_route=\/wp\/v2\/posts\/13890\/revisions"}],"predecessor-version":[{"id":13892,"href":"https:\/\/arroyitoonline.com.ar\/index.php?rest_route=\/wp\/v2\/posts\/13890\/revisions\/13892"}],"wp:featuredmedia":[{"embeddable":true,"href":"https:\/\/arroyitoonline.com.ar\/index.php?rest_route=\/wp\/v2\/media\/13891"}],"wp:attachment":[{"href":"https:\/\/arroyitoonline.com.ar\/index.php?rest_route=%2Fwp%2Fv2%2Fmedia&parent=13890"}],"wp:term":[{"taxonomy":"category","embeddable":true,"href":"https:\/\/arroyitoonline.com.ar\/index.php?rest_route=%2Fwp%2Fv2%2Fcategories&post=13890"},{"taxonomy":"post_tag","embeddable":true,"href":"https:\/\/arroyitoonline.com.ar\/index.php?rest_route=%2Fwp%2Fv2%2Ftags&post=13890"}],"curies":[{"name":"wp","href":"https:\/\/api.w.org\/{rel}","templated":true}]}}