{"id":13893,"date":"2021-10-29T21:01:43","date_gmt":"2021-10-29T21:01:43","guid":{"rendered":"https:\/\/arroyitoonline.com.ar\/?p=13893"},"modified":"2021-10-29T21:01:45","modified_gmt":"2021-10-29T21:01:45","slug":"la-comision-de-viviendas-municipales-planteo-su-total-discrepancia-con-la-gestion-de-los-planes","status":"publish","type":"post","link":"https:\/\/arroyitoonline.com.ar\/?p=13893","title":{"rendered":"La Comisi\u00f3n de Viviendas Municipales plante\u00f3 su &#8220;total discrepancia con la gesti\u00f3n&#8221; de los planes"},"content":{"rendered":"\n<p><strong>Adherentes que la conforman enviaron una nota al intendente Benedetti, solicitando respuestas por <em>&#8220;el lerdo ritmo de construcci\u00f3n&#8221;<\/em>.<\/strong><\/p>\n\n\n\n<p>Con fecha el 27 de octubre, la Comisi\u00f3n de Seguimiento de los Planes de Viviendas Municipales envi\u00f3 una nota al intendente Gustavo Benedetti y al Concejo Deliberante, con una serie de interrogantes sobre la continuidad de los Planes Casa y Casa Social, que datan del a\u00f1o 2010.<\/p>\n\n\n\n<p>Quienes firman la misiva -Gonzalo Asc\u00e1rate, Natalia Campagnolo, Danilo Listello, Pablo Rodr\u00edguez, Vanesa Gorosito y Patricia Moya- le solicitan al primer mandatario local, con car\u00e1cter urgente, una entrevista en su rol de presidente de la Comisi\u00f3n de Viviendas y m\u00e1xima autoridad de la ciudad. <\/p>\n\n\n\n<div class=\"wp-block-image\"><figure class=\"aligncenter size-large is-resized\"><img loading=\"lazy\" decoding=\"async\" src=\"https:\/\/arroyitoonline.com.ar\/wp-content\/uploads\/2021\/10\/nota-reclamo-viviendas-635x1024.jpg\" alt=\"\" class=\"wp-image-13894\" width=\"580\" height=\"935\" srcset=\"https:\/\/arroyitoonline.com.ar\/wp-content\/uploads\/2021\/10\/nota-reclamo-viviendas-635x1024.jpg 635w, https:\/\/arroyitoonline.com.ar\/wp-content\/uploads\/2021\/10\/nota-reclamo-viviendas-186x300.jpg 186w, https:\/\/arroyitoonline.com.ar\/wp-content\/uploads\/2021\/10\/nota-reclamo-viviendas-768x1239.jpg 768w, https:\/\/arroyitoonline.com.ar\/wp-content\/uploads\/2021\/10\/nota-reclamo-viviendas.jpg 864w\" sizes=\"auto, (max-width: 580px) 100vw, 580px\" \/><figcaption><em>La copia de la nota enviada por adherentes nucleados en la Comisi\u00f3n de Viviendas Municipales.<\/em><\/figcaption><\/figure><\/div>\n\n\n\n<div class=\"wp-block-image\"><figure class=\"aligncenter size-large\"><img loading=\"lazy\" decoding=\"async\" width=\"661\" height=\"1024\" src=\"https:\/\/arroyitoonline.com.ar\/wp-content\/uploads\/2021\/10\/nota-reclamo-viviendas-1-661x1024.jpg\" alt=\"\" class=\"wp-image-13895\" srcset=\"https:\/\/arroyitoonline.com.ar\/wp-content\/uploads\/2021\/10\/nota-reclamo-viviendas-1-661x1024.jpg 661w, https:\/\/arroyitoonline.com.ar\/wp-content\/uploads\/2021\/10\/nota-reclamo-viviendas-1-194x300.jpg 194w, https:\/\/arroyitoonline.com.ar\/wp-content\/uploads\/2021\/10\/nota-reclamo-viviendas-1-768x1190.jpg 768w, https:\/\/arroyitoonline.com.ar\/wp-content\/uploads\/2021\/10\/nota-reclamo-viviendas-1.jpg 864w\" sizes=\"auto, (max-width: 661px) 100vw, 661px\" \/><figcaption><em>Los firmantes piden una entrevista urgente con Benedetti.<\/em><\/figcaption><\/figure><\/div>\n\n\n\n<p>En una serie de puntos, plantean interrogantes sobre <em>&#8220;el lerdo ritmo de construcci\u00f3n&#8221;<\/em> y respecto a la adquisici\u00f3n de lotes para continuar ejecutando las viviendas. Tambi\u00e9n se preguntan cu\u00e1l es el plan para darle cumplimiento a la ordenanza 1488\/2011 -que estipula para el a\u00f1o en curso, la entrega de 32 unidades habitacionales del Plan Casa y 16 del Casa Social-.<\/p>\n\n\n\n<p>Adem\u00e1s, informan que en una visita al barrio municipal observaron que las \u00fanicas 15 viviendas proyectadas para 2021, se encuentran planificadas en el espacio asignado a una plaza y consultan d\u00f3nde se realizar\u00e1 este lugar p\u00fablico.<\/p>\n\n\n\n<p>Por \u00faltimo, los firmantes dan cuenta de su <em>&#8220;total discrepancia con la gesti\u00f3n, organizaci\u00f3n y proyecci\u00f3n del plan&#8221;<\/em>.<\/p>\n","protected":false},"excerpt":{"rendered":"<p>Adherentes que la conforman enviaron una nota al intendente Benedetti, solicitando respuestas por &#8220;el lerdo ritmo de construcci\u00f3n&#8221;. Con fecha&hellip;<\/p>\n","protected":false},"author":3,"featured_media":12594,"comment_status":"closed","ping_status":"open","sticky":false,"template":"","format":"standard","meta":{"footnotes":""},"categories":[1044],"tags":[66,67,836,115,219,1102,968,572,624,625,813],"class_list":["post-13893","post","type-post","status-publish","format-standard","has-post-thumbnail","hentry","category-obras-publicas","tag-arroyito","tag-arroyito-cordoba","tag-arroyito-online","tag-benedetti","tag-comision","tag-gobierno-municipal","tag-gustavo-benedetti","tag-noticias-de-arroyito-y-zona","tag-plan-casa","tag-plan-casa-social","tag-viviendas"],"_links":{"self":[{"href":"https:\/\/arroyitoonline.com.ar\/index.php?rest_route=\/wp\/v2\/posts\/13893","targetHints":{"allow":["GET"]}}],"collection":[{"href":"https:\/\/arroyitoonline.com.ar\/index.php?rest_route=\/wp\/v2\/posts"}],"about":[{"href":"https:\/\/arroyitoonline.com.ar\/index.php?rest_route=\/wp\/v2\/types\/post"}],"author":[{"embeddable":true,"href":"https:\/\/arroyitoonline.com.ar\/index.php?rest_route=\/wp\/v2\/users\/3"}],"replies":[{"embeddable":true,"href":"https:\/\/arroyitoonline.com.ar\/index.php?rest_route=%2Fwp%2Fv2%2Fcomments&post=13893"}],"version-history":[{"count":1,"href":"https:\/\/arroyitoonline.com.ar\/index.php?rest_route=\/wp\/v2\/posts\/13893\/revisions"}],"predecessor-version":[{"id":13896,"href":"https:\/\/arroyitoonline.com.ar\/index.php?rest_route=\/wp\/v2\/posts\/13893\/revisions\/13896"}],"wp:featuredmedia":[{"embeddable":true,"href":"https:\/\/arroyitoonline.com.ar\/index.php?rest_route=\/wp\/v2\/media\/12594"}],"wp:attachment":[{"href":"https:\/\/arroyitoonline.com.ar\/index.php?rest_route=%2Fwp%2Fv2%2Fmedia&parent=13893"}],"wp:term":[{"taxonomy":"category","embeddable":true,"href":"https:\/\/arroyitoonline.com.ar\/index.php?rest_route=%2Fwp%2Fv2%2Fcategories&post=13893"},{"taxonomy":"post_tag","embeddable":true,"href":"https:\/\/arroyitoonline.com.ar\/index.php?rest_route=%2Fwp%2Fv2%2Ftags&post=13893"}],"curies":[{"name":"wp","href":"https:\/\/api.w.org\/{rel}","templated":true}]}}