{"id":13903,"date":"2021-11-01T19:48:11","date_gmt":"2021-11-01T19:48:11","guid":{"rendered":"https:\/\/arroyitoonline.com.ar\/?p=13903"},"modified":"2021-11-01T21:41:07","modified_gmt":"2021-11-01T21:41:07","slug":"cambios-en-el-concejo-ferrero-y-amantini-seran-reemplazados-por-oberto-y-beigveder","status":"publish","type":"post","link":"https:\/\/arroyitoonline.com.ar\/?p=13903","title":{"rendered":"Cambios en el Concejo: Ferrero y Amantini ser\u00e1n reemplazados por Oberto y Beigveder"},"content":{"rendered":"\n<p><strong>Tal como lo anticip\u00f3 d\u00edas pasados Arroyito Online, se oficializaron cambios en el bloque oficialista. <\/strong><\/p>\n\n\n\n<p>D\u00edas pasados, se produjo una reuni\u00f3n convocada por el intendente Gustavo Benedetti, de la cual participaron funcionarios del Departamento Ejecutivo. En ese marco, se dej\u00f3 entrever que nadie es irreemplazable ni tiene la silla comprada. Cuesti\u00f3n que alcanzaba al propio bloque de Todos Juntos en el Concejo Deliberante. <\/p>\n\n\n\n<figure class=\"wp-block-embed-wordpress aligncenter wp-block-embed is-type-wp-embed is-provider-arroyito-online\"><div class=\"wp-block-embed__wrapper\">\nhttps:\/\/arroyitoonline.com.ar\/info-online\/politica\/para-benedetti-en-esta-gestion-ningun-funcionario-tiene-la-silla-comprada\/\n<\/div><\/figure>\n\n\n\n<p>Hoy, fuentes del Gobierno Municipal revelaron a <strong>Arroyito Online<\/strong> la materializaci\u00f3n de los primeros cambios. Esta noche, en la Comisi\u00f3n prevista por el cuerpo deliberativo, dos ahora exsecretarios pasar\u00e1n a ocupar bancas de la mayor\u00eda. <\/p>\n\n\n\n<p>Jes\u00fas Alberto Beigveder dejar\u00e1 la secretar\u00eda de Servicios P\u00fablicos y Claudia del Luj\u00e1n Oberto har\u00e1 lo propio con la Privada. Ambos eran titulares en la lista presentada por Todos Juntos pero, una vez ganada la elecci\u00f3n municipal de 2019, Benedetti los hab\u00eda requerido en el Ejecutivo.<\/p>\n\n\n\n<p>Ahora, ambos vuelven a la funci\u00f3n para la que fueron elegidos relevando a los salientes Marcelo Ferrero y Jorge Amantini, quienes ya est\u00e1n notificados al respecto.<\/p>\n\n\n\n<p>En el entorno benedettista entienden que el objetivo de estas modificaciones ser\u00eda <em>&#8220;aportar a la gesti\u00f3n y al proyecto pol\u00edtico que la ciudad en su gran mayor\u00eda eligi\u00f3, alej\u00e1ndose del utilizar las bancas para las internas pol\u00edticas&#8221;<\/em>. Tambi\u00e9n adelantaron que, aunque van a percibir solo la dieta de ediles, los nuevos concejales van a continuar asesorando a quienes quedan en las respectivas \u00e1reas donde se desempe\u00f1aron hasta el momento.<\/p>\n\n\n\n<p>Por \u00faltimo, creen que volviendo los titulares ponen <em>&#8220;las bancas a disposici\u00f3n de los vecinos para alejarse de las peleas y la discusi\u00f3n de la cuesti\u00f3n pol\u00edtica&#8221;<\/em>, ya que <em>&#8220;Benedetti quiere concejales que trabajen 24 horas para y por el pueblo&#8221;<\/em>. En este marco, aseveraron que <em>&#8220;falta mucho para las elecciones; eso es otra cosa&#8221;<\/em> y, de esta manera, se aseguran como mayor\u00eda, la legitimidad que el pueblo les confiri\u00f3 en las elecciones de 2019.<\/p>\n","protected":false},"excerpt":{"rendered":"<p>Tal como lo anticip\u00f3 d\u00edas pasados Arroyito Online, se oficializaron cambios en el bloque oficialista. D\u00edas pasados, se produjo una&hellip;<\/p>\n","protected":false},"author":3,"featured_media":13906,"comment_status":"closed","ping_status":"open","sticky":false,"template":"","format":"standard","meta":{"footnotes":""},"categories":[8],"tags":[66,67,836,115,891,227,1102,968,572,640],"class_list":["post-13903","post","type-post","status-publish","format-standard","has-post-thumbnail","hentry","category-politica","tag-arroyito","tag-arroyito-cordoba","tag-arroyito-online","tag-benedetti","tag-concejales","tag-concejo-deliberante","tag-gobierno-municipal","tag-gustavo-benedetti","tag-noticias-de-arroyito-y-zona","tag-politica"],"_links":{"self":[{"href":"https:\/\/arroyitoonline.com.ar\/index.php?rest_route=\/wp\/v2\/posts\/13903","targetHints":{"allow":["GET"]}}],"collection":[{"href":"https:\/\/arroyitoonline.com.ar\/index.php?rest_route=\/wp\/v2\/posts"}],"about":[{"href":"https:\/\/arroyitoonline.com.ar\/index.php?rest_route=\/wp\/v2\/types\/post"}],"author":[{"embeddable":true,"href":"https:\/\/arroyitoonline.com.ar\/index.php?rest_route=\/wp\/v2\/users\/3"}],"replies":[{"embeddable":true,"href":"https:\/\/arroyitoonline.com.ar\/index.php?rest_route=%2Fwp%2Fv2%2Fcomments&post=13903"}],"version-history":[{"count":3,"href":"https:\/\/arroyitoonline.com.ar\/index.php?rest_route=\/wp\/v2\/posts\/13903\/revisions"}],"predecessor-version":[{"id":13908,"href":"https:\/\/arroyitoonline.com.ar\/index.php?rest_route=\/wp\/v2\/posts\/13903\/revisions\/13908"}],"wp:featuredmedia":[{"embeddable":true,"href":"https:\/\/arroyitoonline.com.ar\/index.php?rest_route=\/wp\/v2\/media\/13906"}],"wp:attachment":[{"href":"https:\/\/arroyitoonline.com.ar\/index.php?rest_route=%2Fwp%2Fv2%2Fmedia&parent=13903"}],"wp:term":[{"taxonomy":"category","embeddable":true,"href":"https:\/\/arroyitoonline.com.ar\/index.php?rest_route=%2Fwp%2Fv2%2Fcategories&post=13903"},{"taxonomy":"post_tag","embeddable":true,"href":"https:\/\/arroyitoonline.com.ar\/index.php?rest_route=%2Fwp%2Fv2%2Ftags&post=13903"}],"curies":[{"name":"wp","href":"https:\/\/api.w.org\/{rel}","templated":true}]}}