{"id":13909,"date":"2021-11-02T20:55:25","date_gmt":"2021-11-02T20:55:25","guid":{"rendered":"https:\/\/arroyitoonline.com.ar\/?p=13909"},"modified":"2021-11-02T20:55:26","modified_gmt":"2021-11-02T20:55:26","slug":"presentaron-el-programa-arroyito-separa-120-instituciones-firmaron-el-acta-compromiso","status":"publish","type":"post","link":"https:\/\/arroyitoonline.com.ar\/?p=13909","title":{"rendered":"Presentaron el programa Arroyito Separa: 120 instituciones firmaron el acta compromiso"},"content":{"rendered":"\n<p><strong>La Cooperativa de Trabajo BioCoop ser\u00e1 encargada de la recepci\u00f3n de los residuos secos y su posterior clasificaci\u00f3n.<\/strong><\/p>\n\n\n\n<p>En el Balneario Municipal, el jueves 28 de octubre, el Gobierno local formaliz\u00f3 el lanzamiento del programa Arroyito Separa. En este marco, el intendente Gustavo Benedetti firm\u00f3 un acta compromiso con m\u00e1s de 120 instituciones de la ciudad pensando en la protecci\u00f3n del medio ambiente. <\/p>\n\n\n\n<p>Acompa\u00f1aron al primer mandatario, integrantes del Consejo de Ambiente Municipal y miembros de la Cooperativa de Trabajo BioCoop, encargada de la recepci\u00f3n de los residuos secos y su posterior clasificaci\u00f3n.<\/p>\n\n\n\n<p>En la oportunidad, la responsable del \u00e1rea de Ambiente, Lelia Imhof explic\u00f3 el proceso que se realiz\u00f3 para llegar a este d\u00eda. Luego, dos miembros del Consejo de Ambiente puntualizaron la importancia de contar con este espacio para que los vecinos articulen con el estado las pol\u00edticas ambientales.<\/p>\n\n\n\n<p>Por su parte, Benedetti agradeci\u00f3 <em>&#8220;el gran trabajo que viene realizando el Consejo de Ambiente y la importancia de la presencia de tantas instituciones y vecinos, para juntos desarrollar estas acciones que se convierten en pol\u00edticas de estado y que son para todos&#8221;<\/em>.<\/p>\n\n\n\n<blockquote class=\"wp-block-quote is-style-large is-layout-flow wp-block-quote-is-layout-flow\"><p><strong><em>\u201cArroyito es una de las 10 ciudades m\u00e1s importante de la provincia, seguimos siendo pioneros, hoy nuestra ciudad tiene una agenda ambiental y eso es gracias al compromiso de todos\u201d<\/em>&nbsp;<\/strong><\/p><cite><strong>dijo el jefe municipal.<\/strong><\/cite><\/blockquote>\n\n\n\n<p>En el final del acto de lanzamiento de Arroyito Separa, el intendente y todos los representantes de las distintas entidades participantes, firmaron un acta compromiso que tiene como objetivo el cuidado del ambiente pensando en las pr\u00f3ximas generaciones.<\/p>\n","protected":false},"excerpt":{"rendered":"<p>La Cooperativa de Trabajo BioCoop ser\u00e1 encargada de la recepci\u00f3n de los residuos secos y su posterior clasificaci\u00f3n. En el&hellip;<\/p>\n","protected":false},"author":3,"featured_media":13912,"comment_status":"closed","ping_status":"open","sticky":false,"template":"","format":"standard","meta":{"footnotes":""},"categories":[913],"tags":[1093,66,67,836,1292,258,1102,448,528,572],"class_list":["post-13909","post","type-post","status-publish","format-standard","has-post-thumbnail","hentry","category-medio-ambiente","tag-area-municipal-de-ambiente-y-energia","tag-arroyito","tag-arroyito-cordoba","tag-arroyito-online","tag-arroyito-separa","tag-cuidado-del-medio-ambiente","tag-gobierno-municipal","tag-instituciones","tag-medio-ambiente","tag-noticias-de-arroyito-y-zona"],"_links":{"self":[{"href":"https:\/\/arroyitoonline.com.ar\/index.php?rest_route=\/wp\/v2\/posts\/13909","targetHints":{"allow":["GET"]}}],"collection":[{"href":"https:\/\/arroyitoonline.com.ar\/index.php?rest_route=\/wp\/v2\/posts"}],"about":[{"href":"https:\/\/arroyitoonline.com.ar\/index.php?rest_route=\/wp\/v2\/types\/post"}],"author":[{"embeddable":true,"href":"https:\/\/arroyitoonline.com.ar\/index.php?rest_route=\/wp\/v2\/users\/3"}],"replies":[{"embeddable":true,"href":"https:\/\/arroyitoonline.com.ar\/index.php?rest_route=%2Fwp%2Fv2%2Fcomments&post=13909"}],"version-history":[{"count":1,"href":"https:\/\/arroyitoonline.com.ar\/index.php?rest_route=\/wp\/v2\/posts\/13909\/revisions"}],"predecessor-version":[{"id":13913,"href":"https:\/\/arroyitoonline.com.ar\/index.php?rest_route=\/wp\/v2\/posts\/13909\/revisions\/13913"}],"wp:featuredmedia":[{"embeddable":true,"href":"https:\/\/arroyitoonline.com.ar\/index.php?rest_route=\/wp\/v2\/media\/13912"}],"wp:attachment":[{"href":"https:\/\/arroyitoonline.com.ar\/index.php?rest_route=%2Fwp%2Fv2%2Fmedia&parent=13909"}],"wp:term":[{"taxonomy":"category","embeddable":true,"href":"https:\/\/arroyitoonline.com.ar\/index.php?rest_route=%2Fwp%2Fv2%2Fcategories&post=13909"},{"taxonomy":"post_tag","embeddable":true,"href":"https:\/\/arroyitoonline.com.ar\/index.php?rest_route=%2Fwp%2Fv2%2Ftags&post=13909"}],"curies":[{"name":"wp","href":"https:\/\/api.w.org\/{rel}","templated":true}]}}