{"id":13925,"date":"2021-11-05T21:23:54","date_gmt":"2021-11-05T21:23:54","guid":{"rendered":"https:\/\/arroyitoonline.com.ar\/?p=13925"},"modified":"2021-11-05T21:23:55","modified_gmt":"2021-11-05T21:23:55","slug":"tras-51-dias-de-internacion-por-covid-19-luciano-mavilla-volvio-a-su-casa","status":"publish","type":"post","link":"https:\/\/arroyitoonline.com.ar\/?p=13925","title":{"rendered":"Tras 51 d\u00edas de internaci\u00f3n por Covid-19, Luciano Mavilla volvi\u00f3 a su casa"},"content":{"rendered":"\n<p><strong>Padeci\u00f3 una neumon\u00eda bilateral. Ahora inicia su larga recuperaci\u00f3n rodeado de afectos.<\/strong><\/p>\n\n\n\n<p>En los \u00faltimos tiempos, el caso Luciano Mavilla ha movilizado a toda la ciudad de Arroyito. El joven de 20 a\u00f1os que padeci\u00f3 una neumon\u00eda bilateral por Covid-19 fue motivo de cadenas de oraci\u00f3n permanentes, rifas en su beneficio y donaci\u00f3n de dadores de sangre.<\/p>\n\n\n\n<p>En la tarde del mi\u00e9rcoles 3 de noviembre, tras 51 d\u00edas de internaci\u00f3n \u2013entre los hospitales Carlos Rodr\u00edguez de Arroyito, Jos\u00e9 Bernardo Iturraspe de San Francisco y Privado de C\u00f3rdoba-, Luciano volvi\u00f3 a su hogar de nuestra ciudad, donde est\u00e1 iniciando una larga recuperaci\u00f3n.<\/p>\n\n\n\n<p><em>\u201cDespu\u00e9s de 51 d\u00edas, despu\u00e9s de todo lo que ha pasado, de lo que ha luchado lo he tra\u00eddo de vuelta a casa\u201d<\/em>, le dijo su mam\u00e1, la enfermera de UTI Mar\u00eda Laura Gaet\u00e1n, a Canal 3.<\/p>\n\n\n\n<p>La mujer tambi\u00e9n relat\u00f3 que Luciano fue hospitalizado un lunes en Arroyito y el viernes, cuando estaba siendo trasladado al nosocomio de la capital departamental San Justo, soport\u00f3 un paro card\u00edaco y fue reanimado por el personal de salud: <em>\u201clleg\u00f3 a San Francisco con un 10% de vida\u201d<\/em>.<\/p>\n\n\n\n<p><em>\u201cEse domingo me habl\u00f3 el jefe del Iturraspe dici\u00e9ndome que la \u00fanica alternativa de vida que le quedaba era el ECMO (oxigenaci\u00f3n por membrana extracorp\u00f3rea), que yo no lo conoc\u00eda. Los m\u00e9dicos me recalcaban que a lo mejor no ten\u00eda posibilidad de salir de la operaci\u00f3n que le hac\u00edan para poder conectarlo al ECMO, que era un viaje largo, muchos kil\u00f3metros y ten\u00eda que soportarlo. Soport\u00f3 eso, la conexi\u00f3n del ECMO y los kil\u00f3metros hasta llegar al Hospital Privado en C\u00f3rdoba\u201d<\/em>, fue enumerando Mar\u00eda Laura, sobre la fortaleza de su hijo, y dej\u00f3 claro que siendo personal de salud con conocimientos en la tem\u00e1tica <em>\u201chubiese preferido no saber\u201d<\/em>.<\/p>\n\n\n\n<p>Adem\u00e1s, aprovech\u00f3 la oportunidad para agradecerles a los m\u00e9dicos Luis Rossi \u2013quien le hizo a Luciano dos drenajes en los pulmones- y Gerardo Galimbertti, el director de la Cl\u00ednica Regional, lugar donde ella trabaja en la actualidad, y todo su personal: <em>\u201cse han portado muy bien con nosotros. Si antes eran mis compa\u00f1eros, ahora son mis amigos\u201d<\/em>.<\/p>\n\n\n\n<p>Por \u00faltimo, con la emoci\u00f3n del momento, la mujer remarco que <em>\u201cLos milagros existen, y es la prueba de uno mi hijo. Hasta hace 15 d\u00edas atr\u00e1s pens\u00e9 que no lo tra\u00eda con vida a mi casa. Gracias a Dios lo pude traer. \u00c9l tuvo una recuperaci\u00f3n muy r\u00e1pida porque es joven. Si no fuese por Dios y la oraci\u00f3n de la gente, no s\u00e9 si lo tendr\u00eda ac\u00e1\u201d<\/em>.<\/p>\n\n\n\n<p>Fuente y captura de portada: Canal 3.<\/p>\n","protected":false},"excerpt":{"rendered":"<p>Padeci\u00f3 una neumon\u00eda bilateral. Ahora inicia su larga recuperaci\u00f3n rodeado de afectos. En los \u00faltimos tiempos, el caso Luciano Mavilla&hellip;<\/p>\n","protected":false},"author":3,"featured_media":13926,"comment_status":"closed","ping_status":"open","sticky":false,"template":"","format":"standard","meta":{"footnotes":""},"categories":[866],"tags":[66,67,836,1108,1152,1076,426,1126,1177,572,706],"class_list":["post-13925","post","type-post","status-publish","format-standard","has-post-thumbnail","hentry","category-historias-online","tag-arroyito","tag-arroyito-cordoba","tag-arroyito-online","tag-coronavirus","tag-covid-19","tag-historias-online","tag-hospital","tag-hospital-iturraspe","tag-hospital-municipal-carlos-j-rodriguez","tag-noticias-de-arroyito-y-zona","tag-salud"],"_links":{"self":[{"href":"https:\/\/arroyitoonline.com.ar\/index.php?rest_route=\/wp\/v2\/posts\/13925","targetHints":{"allow":["GET"]}}],"collection":[{"href":"https:\/\/arroyitoonline.com.ar\/index.php?rest_route=\/wp\/v2\/posts"}],"about":[{"href":"https:\/\/arroyitoonline.com.ar\/index.php?rest_route=\/wp\/v2\/types\/post"}],"author":[{"embeddable":true,"href":"https:\/\/arroyitoonline.com.ar\/index.php?rest_route=\/wp\/v2\/users\/3"}],"replies":[{"embeddable":true,"href":"https:\/\/arroyitoonline.com.ar\/index.php?rest_route=%2Fwp%2Fv2%2Fcomments&post=13925"}],"version-history":[{"count":1,"href":"https:\/\/arroyitoonline.com.ar\/index.php?rest_route=\/wp\/v2\/posts\/13925\/revisions"}],"predecessor-version":[{"id":13927,"href":"https:\/\/arroyitoonline.com.ar\/index.php?rest_route=\/wp\/v2\/posts\/13925\/revisions\/13927"}],"wp:featuredmedia":[{"embeddable":true,"href":"https:\/\/arroyitoonline.com.ar\/index.php?rest_route=\/wp\/v2\/media\/13926"}],"wp:attachment":[{"href":"https:\/\/arroyitoonline.com.ar\/index.php?rest_route=%2Fwp%2Fv2%2Fmedia&parent=13925"}],"wp:term":[{"taxonomy":"category","embeddable":true,"href":"https:\/\/arroyitoonline.com.ar\/index.php?rest_route=%2Fwp%2Fv2%2Fcategories&post=13925"},{"taxonomy":"post_tag","embeddable":true,"href":"https:\/\/arroyitoonline.com.ar\/index.php?rest_route=%2Fwp%2Fv2%2Ftags&post=13925"}],"curies":[{"name":"wp","href":"https:\/\/api.w.org\/{rel}","templated":true}]}}