{"id":13933,"date":"2021-11-09T14:13:58","date_gmt":"2021-11-09T14:13:58","guid":{"rendered":"https:\/\/arroyitoonline.com.ar\/?p=13933"},"modified":"2021-11-16T02:45:02","modified_gmt":"2021-11-16T02:45:02","slug":"arroyito-llora-la-muerte-de-luis-coco-schiavoni","status":"publish","type":"post","link":"https:\/\/arroyitoonline.com.ar\/?p=13933","title":{"rendered":"Arroyito llora la muerte de Luis &#8220;Coco&#8221; Schiavoni"},"content":{"rendered":"\n<p><strong>El Ciudadano Ilustre ten\u00eda 88 a\u00f1os cumplidos el pasado 9 de agosto. Se fue uno de los vecinos m\u00e1s queridos de la ciudad. <\/strong><\/p>\n\n\n\n<p>Este martes 9 de noviembre, la triste noticia del fallecimiento de Luis Loreto Schiavoni a los 88 a\u00f1os enluta a toda nuestra ciudad.<\/p>\n\n\n\n<p>Don &#8220;Coco&#8221; hab\u00eda nacido el 9 de agosto de 1933, en Ca\u00f1ada de Machado, provincia de C\u00f3rdoba.<\/p>\n\n\n\n<p>Reconocido por su enorme solidaridad hacia los dem\u00e1s, trabajador incansable y comprometido con las instituciones.<\/p>\n\n\n\n<p>El querido Coquito siempre se destac\u00f3 por ser un hombre \u00edntegro, de familia, al lado de Blanca, su amada esposa, y los hijos de ambos.<\/p>\n\n\n\n<p>El 20 de noviembre de 2006, Gustavo Benedetti -intendente de hoy y de aquel entonces- lo declar\u00f3 Ciudadano Ilustre de&nbsp;Arroyito. Merecido t\u00edtulo para un vecino de todos.<\/p>\n\n\n\n<p>Los restos mortales de Don &#8220;Coco&#8221; ser\u00e1n velados, de acuerdo a las disposiciones vigentes: hoy martes 9, de 15:00 a 19:00, y ma\u00f1ana mi\u00e9rcoles 10, de 8:00 a 10:00 horas. El mi\u00e9rcoles a las 10:00 ser\u00e1 el sepelio en el Cementerio local, previo oficio religioso de cuerpo presente en la Parroquia Nuestra Se\u00f1ora de la Merced.<\/p>\n\n\n\n<p>Quienes hacemos Arroyito Online enviamos condolencias a toda su familia, en especial a su hijo y querido colega,\u00a0Hugo Schiavoni.<\/p>\n\n\n\n<p>La foto de portada es gentileza de Walter Llanes.<\/p>\n","protected":false},"excerpt":{"rendered":"<p>El Ciudadano Ilustre ten\u00eda 88 a\u00f1os cumplidos el pasado 9 de agosto. Se fue uno de los vecinos m\u00e1s queridos&hellip;<\/p>\n","protected":false},"author":3,"featured_media":13935,"comment_status":"closed","ping_status":"open","sticky":false,"template":"","format":"standard","meta":{"footnotes":""},"categories":[900],"tags":[66,67,836,115,201,1294,968,509,548,572],"class_list":["post-13933","post","type-post","status-publish","format-standard","has-post-thumbnail","hentry","category-noticias","tag-arroyito","tag-arroyito-cordoba","tag-arroyito-online","tag-benedetti","tag-ciudadano-iluste","tag-coco-schiavoni","tag-gustavo-benedetti","tag-luto","tag-muerte","tag-noticias-de-arroyito-y-zona"],"_links":{"self":[{"href":"https:\/\/arroyitoonline.com.ar\/index.php?rest_route=\/wp\/v2\/posts\/13933","targetHints":{"allow":["GET"]}}],"collection":[{"href":"https:\/\/arroyitoonline.com.ar\/index.php?rest_route=\/wp\/v2\/posts"}],"about":[{"href":"https:\/\/arroyitoonline.com.ar\/index.php?rest_route=\/wp\/v2\/types\/post"}],"author":[{"embeddable":true,"href":"https:\/\/arroyitoonline.com.ar\/index.php?rest_route=\/wp\/v2\/users\/3"}],"replies":[{"embeddable":true,"href":"https:\/\/arroyitoonline.com.ar\/index.php?rest_route=%2Fwp%2Fv2%2Fcomments&post=13933"}],"version-history":[{"count":2,"href":"https:\/\/arroyitoonline.com.ar\/index.php?rest_route=\/wp\/v2\/posts\/13933\/revisions"}],"predecessor-version":[{"id":13965,"href":"https:\/\/arroyitoonline.com.ar\/index.php?rest_route=\/wp\/v2\/posts\/13933\/revisions\/13965"}],"wp:featuredmedia":[{"embeddable":true,"href":"https:\/\/arroyitoonline.com.ar\/index.php?rest_route=\/wp\/v2\/media\/13935"}],"wp:attachment":[{"href":"https:\/\/arroyitoonline.com.ar\/index.php?rest_route=%2Fwp%2Fv2%2Fmedia&parent=13933"}],"wp:term":[{"taxonomy":"category","embeddable":true,"href":"https:\/\/arroyitoonline.com.ar\/index.php?rest_route=%2Fwp%2Fv2%2Fcategories&post=13933"},{"taxonomy":"post_tag","embeddable":true,"href":"https:\/\/arroyitoonline.com.ar\/index.php?rest_route=%2Fwp%2Fv2%2Ftags&post=13933"}],"curies":[{"name":"wp","href":"https:\/\/api.w.org\/{rel}","templated":true}]}}