{"id":13946,"date":"2021-11-12T12:53:18","date_gmt":"2021-11-12T12:53:18","guid":{"rendered":"https:\/\/arroyitoonline.com.ar\/?p=13946"},"modified":"2021-11-12T12:53:20","modified_gmt":"2021-11-12T12:53:20","slug":"el-gobierno-municipal-sorteara-14-viviendas-el-1-de-diciembre","status":"publish","type":"post","link":"https:\/\/arroyitoonline.com.ar\/?p=13946","title":{"rendered":"El Gobierno Municipal sortear\u00e1 14 viviendas el 1 de diciembre"},"content":{"rendered":"\n<p><strong>El padr\u00f3n de adherentes cerrar\u00e1 el mi\u00e9rcoles 17 de noviembre a las 12:00.<\/strong><\/p>\n\n\n\n<p>El pr\u00f3ximo mi\u00e9rcoles 1 de diciembre, la Direcci\u00f3n de Viviendas del Gobierno Municipal<strong> realizar\u00e1 el sorteo de 14 nuevas viviendas de los Planes Casa y Casa Social.<\/strong><\/p>\n\n\n\n<figure class=\"wp-block-image size-large\"><img loading=\"lazy\" decoding=\"async\" width=\"1024\" height=\"1024\" src=\"https:\/\/arroyitoonline.com.ar\/wp-content\/uploads\/2021\/11\/viviendas-municipales-1024x1024.jpg\" alt=\"\" class=\"wp-image-13945\" srcset=\"https:\/\/arroyitoonline.com.ar\/wp-content\/uploads\/2021\/11\/viviendas-municipales.jpg 1024w, https:\/\/arroyitoonline.com.ar\/wp-content\/uploads\/2021\/11\/viviendas-municipales-300x300.jpg 300w, https:\/\/arroyitoonline.com.ar\/wp-content\/uploads\/2021\/11\/viviendas-municipales-150x150.jpg 150w, https:\/\/arroyitoonline.com.ar\/wp-content\/uploads\/2021\/11\/viviendas-municipales-768x768.jpg 768w\" sizes=\"auto, (max-width: 1024px) 100vw, 1024px\" \/><figcaption><em>El 1 de diciembre, el Gobierno Municipal va a sortear 14 viviendas de los Planes Casa y Casa Social.<\/em><\/figcaption><\/figure>\n\n\n\n<p>El padr\u00f3n de adherentes cerrar\u00e1 el mi\u00e9rcoles 17 de noviembre a las 12:00. Ser\u00e1n incluidos todos los adherentes que tengan saldada la cuota de septiembre de 2021.<\/p>\n\n\n\n<p>Desde la Direcci\u00f3n de Viviendas alientan a los adherentes para que se acerquen a la oficina a ponerse al d\u00eda y puedan participar del sorteo.<\/p>\n","protected":false},"excerpt":{"rendered":"<p>El padr\u00f3n de adherentes cerrar\u00e1 el mi\u00e9rcoles 17 de noviembre a las 12:00. El pr\u00f3ximo mi\u00e9rcoles 1 de diciembre, la&hellip;<\/p>\n","protected":false},"author":3,"featured_media":13947,"comment_status":"closed","ping_status":"open","sticky":false,"template":"","format":"standard","meta":{"footnotes":""},"categories":[1],"tags":[66,67,836,1102,572,578,624,625,739,813],"class_list":["post-13946","post","type-post","status-publish","format-standard","has-post-thumbnail","hentry","category-uncategorized","tag-arroyito","tag-arroyito-cordoba","tag-arroyito-online","tag-gobierno-municipal","tag-noticias-de-arroyito-y-zona","tag-obras-publicas","tag-plan-casa","tag-plan-casa-social","tag-sorteo","tag-viviendas"],"_links":{"self":[{"href":"https:\/\/arroyitoonline.com.ar\/index.php?rest_route=\/wp\/v2\/posts\/13946","targetHints":{"allow":["GET"]}}],"collection":[{"href":"https:\/\/arroyitoonline.com.ar\/index.php?rest_route=\/wp\/v2\/posts"}],"about":[{"href":"https:\/\/arroyitoonline.com.ar\/index.php?rest_route=\/wp\/v2\/types\/post"}],"author":[{"embeddable":true,"href":"https:\/\/arroyitoonline.com.ar\/index.php?rest_route=\/wp\/v2\/users\/3"}],"replies":[{"embeddable":true,"href":"https:\/\/arroyitoonline.com.ar\/index.php?rest_route=%2Fwp%2Fv2%2Fcomments&post=13946"}],"version-history":[{"count":1,"href":"https:\/\/arroyitoonline.com.ar\/index.php?rest_route=\/wp\/v2\/posts\/13946\/revisions"}],"predecessor-version":[{"id":13948,"href":"https:\/\/arroyitoonline.com.ar\/index.php?rest_route=\/wp\/v2\/posts\/13946\/revisions\/13948"}],"wp:featuredmedia":[{"embeddable":true,"href":"https:\/\/arroyitoonline.com.ar\/index.php?rest_route=\/wp\/v2\/media\/13947"}],"wp:attachment":[{"href":"https:\/\/arroyitoonline.com.ar\/index.php?rest_route=%2Fwp%2Fv2%2Fmedia&parent=13946"}],"wp:term":[{"taxonomy":"category","embeddable":true,"href":"https:\/\/arroyitoonline.com.ar\/index.php?rest_route=%2Fwp%2Fv2%2Fcategories&post=13946"},{"taxonomy":"post_tag","embeddable":true,"href":"https:\/\/arroyitoonline.com.ar\/index.php?rest_route=%2Fwp%2Fv2%2Ftags&post=13946"}],"curies":[{"name":"wp","href":"https:\/\/api.w.org\/{rel}","templated":true}]}}