{"id":13949,"date":"2021-11-12T13:12:25","date_gmt":"2021-11-12T13:12:25","guid":{"rendered":"https:\/\/arroyitoonline.com.ar\/?p=13949"},"modified":"2021-11-12T13:12:27","modified_gmt":"2021-11-12T13:12:27","slug":"colocaron-mas-de-300-dosis-de-vacunas-contra-la-covid-19-en-escuelas-secundarias","status":"publish","type":"post","link":"https:\/\/arroyitoonline.com.ar\/?p=13949","title":{"rendered":"Colocaron m\u00e1s de 300 dosis de vacunas contra la Covid-19 en escuelas secundarias"},"content":{"rendered":"\n<p><strong>Los equipos de vacunadoras inocularon a los j\u00f3venes que hab\u00edan presentado autorizaci\u00f3n de sus padres o tutores. <\/strong><\/p>\n\n\n\n<p>El \u00e1rea de Inmunizaci\u00f3n del Hospital Municipal Carlos J. Rodr\u00edguez culmina hoy con el proceso de vacunaci\u00f3n contra la Covid-19 en todas la escuelas secundarias de la ciudad. Desde el inicio de la semana se fueron inoculando a los j\u00f3venes que hab\u00edan presentado la autorizaci\u00f3n de padre o tutor en cada establecimiento.<\/p>\n\n\n\n<p>Seg\u00fan un cronograma consensuado, durante los cinco d\u00edas de esta semana, los equipos de vacunadoras dispuestos en cada instituci\u00f3n colocaron m\u00e1s de 300 dosis. Adem\u00e1s, en semanas anteriores se realizaron operativos de vacunaci\u00f3n en los parajes La Curva y el Fuertecito.<\/p>\n","protected":false},"excerpt":{"rendered":"<p>Los equipos de vacunadoras inocularon a los j\u00f3venes que hab\u00edan presentado autorizaci\u00f3n de sus padres o tutores. El \u00e1rea de&hellip;<\/p>\n","protected":false},"author":3,"featured_media":13950,"comment_status":"closed","ping_status":"open","sticky":false,"template":"","format":"standard","meta":{"footnotes":""},"categories":[9],"tags":[66,67,836,1108,1152,348,1102,1177,572,790,1219],"class_list":["post-13949","post","type-post","status-publish","format-standard","has-post-thumbnail","hentry","category-infosalud","tag-arroyito","tag-arroyito-cordoba","tag-arroyito-online","tag-coronavirus","tag-covid-19","tag-escuelas","tag-gobierno-municipal","tag-hospital-municipal-carlos-j-rodriguez","tag-noticias-de-arroyito-y-zona","tag-vacunacion","tag-vacunacion-covid-19"],"_links":{"self":[{"href":"https:\/\/arroyitoonline.com.ar\/index.php?rest_route=\/wp\/v2\/posts\/13949","targetHints":{"allow":["GET"]}}],"collection":[{"href":"https:\/\/arroyitoonline.com.ar\/index.php?rest_route=\/wp\/v2\/posts"}],"about":[{"href":"https:\/\/arroyitoonline.com.ar\/index.php?rest_route=\/wp\/v2\/types\/post"}],"author":[{"embeddable":true,"href":"https:\/\/arroyitoonline.com.ar\/index.php?rest_route=\/wp\/v2\/users\/3"}],"replies":[{"embeddable":true,"href":"https:\/\/arroyitoonline.com.ar\/index.php?rest_route=%2Fwp%2Fv2%2Fcomments&post=13949"}],"version-history":[{"count":1,"href":"https:\/\/arroyitoonline.com.ar\/index.php?rest_route=\/wp\/v2\/posts\/13949\/revisions"}],"predecessor-version":[{"id":13951,"href":"https:\/\/arroyitoonline.com.ar\/index.php?rest_route=\/wp\/v2\/posts\/13949\/revisions\/13951"}],"wp:featuredmedia":[{"embeddable":true,"href":"https:\/\/arroyitoonline.com.ar\/index.php?rest_route=\/wp\/v2\/media\/13950"}],"wp:attachment":[{"href":"https:\/\/arroyitoonline.com.ar\/index.php?rest_route=%2Fwp%2Fv2%2Fmedia&parent=13949"}],"wp:term":[{"taxonomy":"category","embeddable":true,"href":"https:\/\/arroyitoonline.com.ar\/index.php?rest_route=%2Fwp%2Fv2%2Fcategories&post=13949"},{"taxonomy":"post_tag","embeddable":true,"href":"https:\/\/arroyitoonline.com.ar\/index.php?rest_route=%2Fwp%2Fv2%2Ftags&post=13949"}],"curies":[{"name":"wp","href":"https:\/\/api.w.org\/{rel}","templated":true}]}}