{"id":13996,"date":"2021-11-22T19:38:35","date_gmt":"2021-11-22T19:38:35","guid":{"rendered":"https:\/\/arroyitoonline.com.ar\/?p=13996"},"modified":"2021-11-22T19:38:37","modified_gmt":"2021-11-22T19:38:37","slug":"luis-pagani-recibira-el-titulo-honorifico-de-ciudadano-ilustre","status":"publish","type":"post","link":"https:\/\/arroyitoonline.com.ar\/?p=13996","title":{"rendered":"Luis Pagani recibir\u00e1 el t\u00edtulo honor\u00edfico de Ciudadano Ilustre"},"content":{"rendered":"\n<p><strong>Si bien por razones de bioseguridad, el evento contar\u00e1 con una lista de invitados reducida, la comunidad podr\u00e1 verlo por Canal 3.<\/strong><\/p>\n\n\n\n<p>En el marco de la celebraci\u00f3n por los 243 a\u00f1os del D\u00eda del Origen de Arroyito, el intendente <strong>Gustavo Benedetti har\u00e1 la entrega formal del t\u00edtulo honorifico de <em>\u201cCiudadano Ilustre\u201d<\/em> de Arroyito a Luis Alejandro Pagani<\/strong>, presidente de Grupo Arcor. <\/p>\n\n\n\n<p>Ser\u00e1 este martes<strong> 23 de noviembre, a las 11:00 horas, en el Sal\u00f3n Parroquial<\/strong>. Por razones de bioseguridad, el evento contar\u00e1 con una lista de invitados reducida.<\/p>\n\n\n\n<p>En este sentido, desde el Gobierno Municipal informaron que, tanto el primer mandatario local como el empresario, quieren que toda la comunidad participe de este d\u00eda tan importante para Arroyito.<\/p>\n\n\n\n<p>Por ello es que se ha dispuesto la\u00a0<strong>transmisi\u00f3n en vivo a trav\u00e9s de la se\u00f1al de Canal 3, fanpage de Facebook @municipioarroyito y a trav\u00e9s de medios locales y provinciales.<\/strong><\/p>\n\n\n\n<p>Foto de portada: LA NACI\u00d3N.<\/p>\n","protected":false},"excerpt":{"rendered":"<p>Si bien por razones de bioseguridad, el evento contar\u00e1 con una lista de invitados reducida, la comunidad podr\u00e1 verlo por&hellip;<\/p>\n","protected":false},"author":3,"featured_media":13997,"comment_status":"closed","ping_status":"open","sticky":false,"template":"","format":"standard","meta":{"footnotes":""},"categories":[829],"tags":[59,66,67,836,115,201,1102,968,439,1295,572],"class_list":["post-13996","post","type-post","status-publish","format-standard","has-post-thumbnail","hentry","category-municipales-online","tag-arcor","tag-arroyito","tag-arroyito-cordoba","tag-arroyito-online","tag-benedetti","tag-ciudadano-iluste","tag-gobierno-municipal","tag-gustavo-benedetti","tag-industria","tag-luis-pagani","tag-noticias-de-arroyito-y-zona"],"_links":{"self":[{"href":"https:\/\/arroyitoonline.com.ar\/index.php?rest_route=\/wp\/v2\/posts\/13996","targetHints":{"allow":["GET"]}}],"collection":[{"href":"https:\/\/arroyitoonline.com.ar\/index.php?rest_route=\/wp\/v2\/posts"}],"about":[{"href":"https:\/\/arroyitoonline.com.ar\/index.php?rest_route=\/wp\/v2\/types\/post"}],"author":[{"embeddable":true,"href":"https:\/\/arroyitoonline.com.ar\/index.php?rest_route=\/wp\/v2\/users\/3"}],"replies":[{"embeddable":true,"href":"https:\/\/arroyitoonline.com.ar\/index.php?rest_route=%2Fwp%2Fv2%2Fcomments&post=13996"}],"version-history":[{"count":1,"href":"https:\/\/arroyitoonline.com.ar\/index.php?rest_route=\/wp\/v2\/posts\/13996\/revisions"}],"predecessor-version":[{"id":13998,"href":"https:\/\/arroyitoonline.com.ar\/index.php?rest_route=\/wp\/v2\/posts\/13996\/revisions\/13998"}],"wp:featuredmedia":[{"embeddable":true,"href":"https:\/\/arroyitoonline.com.ar\/index.php?rest_route=\/wp\/v2\/media\/13997"}],"wp:attachment":[{"href":"https:\/\/arroyitoonline.com.ar\/index.php?rest_route=%2Fwp%2Fv2%2Fmedia&parent=13996"}],"wp:term":[{"taxonomy":"category","embeddable":true,"href":"https:\/\/arroyitoonline.com.ar\/index.php?rest_route=%2Fwp%2Fv2%2Fcategories&post=13996"},{"taxonomy":"post_tag","embeddable":true,"href":"https:\/\/arroyitoonline.com.ar\/index.php?rest_route=%2Fwp%2Fv2%2Ftags&post=13996"}],"curies":[{"name":"wp","href":"https:\/\/api.w.org\/{rel}","templated":true}]}}