{"id":13999,"date":"2021-11-23T13:31:48","date_gmt":"2021-11-23T13:31:48","guid":{"rendered":"https:\/\/arroyitoonline.com.ar\/?p=13999"},"modified":"2021-11-23T13:31:51","modified_gmt":"2021-11-23T13:31:51","slug":"tras-accidentarse-en-moto-perdio-la-vida-un-joven-de-17-anos","status":"publish","type":"post","link":"https:\/\/arroyitoonline.com.ar\/?p=13999","title":{"rendered":"Tras accidentarse en moto, perdi\u00f3 la vida un joven de 17 a\u00f1os"},"content":{"rendered":"\n<p><strong>El motociclista falleci\u00f3 en el Sanatorio de Urgencias de Alta Gracia, como consecuencia de las lesiones sufridas en el siniestro vial.<\/strong><\/p>\n\n\n\n<p>El domingo a las 6:15 horas se produjo un accidente de tr\u00e1nsito fatal en la intersecci\u00f3n de la calle Jos\u00e9 A. Vocos y la avenida Mariano Moreno.<\/p>\n\n\n\n<p>En el lugar se present\u00f3 personal policial, que entrevist\u00f3 a un hombre de 30 a\u00f1os, el cual circulaba en un Fiat Siena color rojo por Jos\u00e9 A. Vocos, con sentido de sur a norte. Cuando el auto lleg\u00f3 a Moreno fue colisionado en su parte delantera derecha por una moto Guerrero Day 90 gris, que andaba por la avenida de este a oeste y era conducida por un joven de 17 a\u00f1os.<\/p>\n\n\n\n<p>Al sector del siniestro lleg\u00f3 el servicio de emergencias del Hospital Municipal Carlos J. Rodr\u00edguez, que traslad\u00f3 al ocupante del rodado menor para su valoraci\u00f3n. Se iniciaron las actuaciones sumariales con conocimiento e intervenci\u00f3n de la Fiscal\u00eda de Instrucci\u00f3n de Arroyito.<\/p>\n\n\n\n<p>Por su parte, ayer lunes 22, la Polic\u00eda inform\u00f3 que en horas de la ma\u00f1ana, luego de ser llevado al Sanatorio de Urgencias de la ciudad de Alta Gracia, el joven motociclista de 17 a\u00f1os perdi\u00f3 la vida, como consecuencia de las lesiones sufridas en el accidente.<\/p>\n\n\n\n<p>Fuente: informe del subcomisario Gaspar Baz\u00e1n | Jefe de la Comisar\u00eda de Distrito Arroyito.<\/p>\n","protected":false},"excerpt":{"rendered":"<p>El motociclista falleci\u00f3 en el Sanatorio de Urgencias de Alta Gracia, como consecuencia de las lesiones sufridas en el siniestro&hellip;<\/p>\n","protected":false},"author":3,"featured_media":9911,"comment_status":"closed","ping_status":"open","sticky":false,"template":"","format":"standard","meta":{"footnotes":""},"categories":[824],"tags":[22,66,67,836,875,1086,548,572,635,637,638,825,737],"class_list":["post-13999","post","type-post","status-publish","format-standard","has-post-thumbnail","hentry","category-policiales-online","tag-accidente","tag-arroyito","tag-arroyito-cordoba","tag-arroyito-online","tag-jovenes-2","tag-moto","tag-muerte","tag-noticias-de-arroyito-y-zona","tag-policia","tag-policiales","tag-policiales-arroyito","tag-policiales-online","tag-siniestro-vial"],"_links":{"self":[{"href":"https:\/\/arroyitoonline.com.ar\/index.php?rest_route=\/wp\/v2\/posts\/13999","targetHints":{"allow":["GET"]}}],"collection":[{"href":"https:\/\/arroyitoonline.com.ar\/index.php?rest_route=\/wp\/v2\/posts"}],"about":[{"href":"https:\/\/arroyitoonline.com.ar\/index.php?rest_route=\/wp\/v2\/types\/post"}],"author":[{"embeddable":true,"href":"https:\/\/arroyitoonline.com.ar\/index.php?rest_route=\/wp\/v2\/users\/3"}],"replies":[{"embeddable":true,"href":"https:\/\/arroyitoonline.com.ar\/index.php?rest_route=%2Fwp%2Fv2%2Fcomments&post=13999"}],"version-history":[{"count":1,"href":"https:\/\/arroyitoonline.com.ar\/index.php?rest_route=\/wp\/v2\/posts\/13999\/revisions"}],"predecessor-version":[{"id":14000,"href":"https:\/\/arroyitoonline.com.ar\/index.php?rest_route=\/wp\/v2\/posts\/13999\/revisions\/14000"}],"wp:featuredmedia":[{"embeddable":true,"href":"https:\/\/arroyitoonline.com.ar\/index.php?rest_route=\/wp\/v2\/media\/9911"}],"wp:attachment":[{"href":"https:\/\/arroyitoonline.com.ar\/index.php?rest_route=%2Fwp%2Fv2%2Fmedia&parent=13999"}],"wp:term":[{"taxonomy":"category","embeddable":true,"href":"https:\/\/arroyitoonline.com.ar\/index.php?rest_route=%2Fwp%2Fv2%2Fcategories&post=13999"},{"taxonomy":"post_tag","embeddable":true,"href":"https:\/\/arroyitoonline.com.ar\/index.php?rest_route=%2Fwp%2Fv2%2Ftags&post=13999"}],"curies":[{"name":"wp","href":"https:\/\/api.w.org\/{rel}","templated":true}]}}