{"id":14001,"date":"2021-11-23T19:28:10","date_gmt":"2021-11-23T19:28:10","guid":{"rendered":"https:\/\/arroyitoonline.com.ar\/?p=14001"},"modified":"2021-11-23T19:28:11","modified_gmt":"2021-11-23T19:28:11","slug":"pagani-no-concibo-un-arcor-sin-arroyito-como-tampoco-un-arroyito-sin-arcor","status":"publish","type":"post","link":"https:\/\/arroyitoonline.com.ar\/?p=14001","title":{"rendered":"Pagani: &#8220;no concibo un Arcor sin Arroyito, como tampoco un Arroyito sin Arcor&#8221;"},"content":{"rendered":"\n<p><strong>El CEO y presidente de Grupo Arcor, Luis Pagani, recibi\u00f3 el t\u00edtulo honor\u00edfico de Ciudadano Ilustre de Arroyito de manos de Benedetti.<\/strong><\/p>\n\n\n\n<p>En un acto de condecoraci\u00f3n realizado esta ma\u00f1ana, Luis Alejandro Pagani, Presidente y CEO de Grupo Arcor, fue nombrado Ciudadano Ilustre de Arroyito. Este reconocimiento fue impulsado por el Gobierno Municipal y se fundamenta en la importancia de la figura de Pagani en el crecimiento, el desarrollo y la expansi\u00f3n de Arcor, as\u00ed como en el impacto positivo para la comunidad.<\/p>\n\n\n\n<p>De la ceremonia, realizada en el Sal\u00f3n Parroquial de la Iglesia Nuestra Se\u00f1ora De La Merced, participaron el intendente Gustavo Benedetti y Luis Pagani, acompa\u00f1ados por autoridades provinciales, municipales, familiares y directivos de Grupo Arcor.<\/p>\n\n\n\n<p>En este marco, el primer mandatario local expres\u00f3 que <em>\u201cArroyito siente un gran respeto y afecto por las familias fundadoras de Grupo Arcor. Es por esto que desde nuestra gesti\u00f3n decidimos que era importante reconocer la trayectoria de Luis en quien encontramos no solo a uno de los empresarios m\u00e1s importantes del pa\u00eds y de Latinoam\u00e9rica, sino a un arroyitense m\u00e1s, \u00e9l supo proyectar a la compa\u00f1\u00eda de forma mundial sin dejar de preocuparse y ocuparse de las necesidades de su ciudad\u201d<\/em>.<\/p>\n\n\n\n<blockquote class=\"wp-block-quote is-style-large is-layout-flow wp-block-quote-is-layout-flow\"><p><em>\u201cMe siento muy honrado y agradecido, no concibo un Arcor sin Arroyito, como tampoco un Arroyito sin Arcor. C\u00f3rdoba es el lugar que nos vio nacer hace 70 a\u00f1os y nos ha acompa\u00f1ado en nuestro proceso de crecimiento y de expansi\u00f3n regional y global. Sin dudas, la ciudad tiene y siempre tendr\u00e1 un significado muy especial para nosotros, as\u00ed como un rol muy relevante en el desarrollo de nuestros negocios. Arcor es Arroyito &#8211; C\u00f3rdoba\u201d<\/em><\/p><cite>manifest\u00f3 el contador nacido en nuestra localidad.<\/cite><\/blockquote>\n\n\n\n<p>Arcor es fruto de la pasi\u00f3n de un grupo de j\u00f3venes emprendedores que hace 70 a\u00f1os en Arroyito, tuvieron el sue\u00f1o de construir una f\u00e1brica de caramelos. Hoy en d\u00eda, esta historia se sigue construyendo todos los d\u00edas gracias al esp\u00edritu emprendedor presente en el ADN de Arcor, lo que le permite seguir creciendo y mirando al futuro.<\/p>\n","protected":false},"excerpt":{"rendered":"<p>El CEO y presidente de Grupo Arcor, Luis Pagani, recibi\u00f3 el t\u00edtulo honor\u00edfico de Ciudadano Ilustre de Arroyito de manos&hellip;<\/p>\n","protected":false},"author":3,"featured_media":14002,"comment_status":"closed","ping_status":"open","sticky":false,"template":"","format":"standard","meta":{"footnotes":""},"categories":[829],"tags":[59,66,67,836,115,201,1102,968,439,1295,572],"class_list":["post-14001","post","type-post","status-publish","format-standard","has-post-thumbnail","hentry","category-municipales-online","tag-arcor","tag-arroyito","tag-arroyito-cordoba","tag-arroyito-online","tag-benedetti","tag-ciudadano-iluste","tag-gobierno-municipal","tag-gustavo-benedetti","tag-industria","tag-luis-pagani","tag-noticias-de-arroyito-y-zona"],"_links":{"self":[{"href":"https:\/\/arroyitoonline.com.ar\/index.php?rest_route=\/wp\/v2\/posts\/14001","targetHints":{"allow":["GET"]}}],"collection":[{"href":"https:\/\/arroyitoonline.com.ar\/index.php?rest_route=\/wp\/v2\/posts"}],"about":[{"href":"https:\/\/arroyitoonline.com.ar\/index.php?rest_route=\/wp\/v2\/types\/post"}],"author":[{"embeddable":true,"href":"https:\/\/arroyitoonline.com.ar\/index.php?rest_route=\/wp\/v2\/users\/3"}],"replies":[{"embeddable":true,"href":"https:\/\/arroyitoonline.com.ar\/index.php?rest_route=%2Fwp%2Fv2%2Fcomments&post=14001"}],"version-history":[{"count":1,"href":"https:\/\/arroyitoonline.com.ar\/index.php?rest_route=\/wp\/v2\/posts\/14001\/revisions"}],"predecessor-version":[{"id":14003,"href":"https:\/\/arroyitoonline.com.ar\/index.php?rest_route=\/wp\/v2\/posts\/14001\/revisions\/14003"}],"wp:featuredmedia":[{"embeddable":true,"href":"https:\/\/arroyitoonline.com.ar\/index.php?rest_route=\/wp\/v2\/media\/14002"}],"wp:attachment":[{"href":"https:\/\/arroyitoonline.com.ar\/index.php?rest_route=%2Fwp%2Fv2%2Fmedia&parent=14001"}],"wp:term":[{"taxonomy":"category","embeddable":true,"href":"https:\/\/arroyitoonline.com.ar\/index.php?rest_route=%2Fwp%2Fv2%2Fcategories&post=14001"},{"taxonomy":"post_tag","embeddable":true,"href":"https:\/\/arroyitoonline.com.ar\/index.php?rest_route=%2Fwp%2Fv2%2Ftags&post=14001"}],"curies":[{"name":"wp","href":"https:\/\/api.w.org\/{rel}","templated":true}]}}