{"id":14009,"date":"2021-11-25T21:02:47","date_gmt":"2021-11-25T21:02:47","guid":{"rendered":"https:\/\/arroyitoonline.com.ar\/?p=14009"},"modified":"2021-11-25T21:02:49","modified_gmt":"2021-11-25T21:02:49","slug":"el-gobierno-municipal-invierte-9-millones-para-la-puesta-en-valor-de-la-plaza-25-de-mayo","status":"publish","type":"post","link":"https:\/\/arroyitoonline.com.ar\/?p=14009","title":{"rendered":"El Gobierno Municipal invierte $9 millones para la puesta en valor de la Plaza 25 de Mayo"},"content":{"rendered":"\n<p><strong>La fuente central est\u00e1 siendo reemplazada por un circuito cerrado de bombeo de agua a nivel del piso y un escenario para eventos. <\/strong><\/p>\n\n\n\n<p>El Gobierno Municipal ejecuta la<strong> puesta en valor y jerarquizaci\u00f3n de la Plaza 25 de Mayo<\/strong>, donde se construye un nuevo escenario y aguas en movimiento. La inversi\u00f3n aproximada para esta obra es de $9 millones.<\/p>\n\n\n\n<p>El objetivo del intendente Benedetti es <em>&#8220;potenciar y embellecer el coraz\u00f3n de la plaza central de la ciudad, d\u00e1ndole funcionalidad y generando espacios p\u00fablicos que se sostengan en el tiempo&#8221;<\/em>.<\/p>\n\n\n\n<figure class=\"wp-block-gallery columns-2 is-cropped wp-block-gallery-1 is-layout-flex wp-block-gallery-is-layout-flex\"><ul class=\"blocks-gallery-grid\"><li class=\"blocks-gallery-item\"><figure><img loading=\"lazy\" decoding=\"async\" width=\"1024\" height=\"686\" src=\"https:\/\/arroyitoonline.com.ar\/wp-content\/uploads\/2021\/11\/nueva-plaza-25-de-mayo.jpeg\" alt=\"\" data-id=\"14011\" data-full-url=\"https:\/\/arroyitoonline.com.ar\/wp-content\/uploads\/2021\/11\/nueva-plaza-25-de-mayo.jpeg\" data-link=\"https:\/\/arroyitoonline.com.ar\/?attachment_id=14011\" class=\"wp-image-14011\" srcset=\"https:\/\/arroyitoonline.com.ar\/wp-content\/uploads\/2021\/11\/nueva-plaza-25-de-mayo.jpeg 1024w, https:\/\/arroyitoonline.com.ar\/wp-content\/uploads\/2021\/11\/nueva-plaza-25-de-mayo-300x201.jpeg 300w, https:\/\/arroyitoonline.com.ar\/wp-content\/uploads\/2021\/11\/nueva-plaza-25-de-mayo-768x515.jpeg 768w\" sizes=\"auto, (max-width: 1024px) 100vw, 1024px\" \/><\/figure><\/li><li class=\"blocks-gallery-item\"><figure><img loading=\"lazy\" decoding=\"async\" width=\"1024\" height=\"684\" src=\"https:\/\/arroyitoonline.com.ar\/wp-content\/uploads\/2021\/11\/nueva-plaza-25-de-mayo-1.jpeg\" alt=\"\" data-id=\"14012\" data-full-url=\"https:\/\/arroyitoonline.com.ar\/wp-content\/uploads\/2021\/11\/nueva-plaza-25-de-mayo-1.jpeg\" data-link=\"https:\/\/arroyitoonline.com.ar\/?attachment_id=14012\" class=\"wp-image-14012\" srcset=\"https:\/\/arroyitoonline.com.ar\/wp-content\/uploads\/2021\/11\/nueva-plaza-25-de-mayo-1.jpeg 1024w, https:\/\/arroyitoonline.com.ar\/wp-content\/uploads\/2021\/11\/nueva-plaza-25-de-mayo-1-300x200.jpeg 300w, https:\/\/arroyitoonline.com.ar\/wp-content\/uploads\/2021\/11\/nueva-plaza-25-de-mayo-1-768x513.jpeg 768w\" sizes=\"auto, (max-width: 1024px) 100vw, 1024px\" \/><\/figure><\/li><\/ul><figcaption class=\"blocks-gallery-caption\"><em>As\u00ed ser\u00e1 el nuevo escenario para eventos y el circuito cerrado de bombeo de agua.<\/em><\/figcaption><\/figure>\n\n\n\n<p>El proyecto consta de refuncionalizaci\u00f3n de la fuente central, la cual ser\u00e1 reemplazada por un sistema de circuito cerrado de bombeo de agua a nivel del piso. Tambi\u00e9n la construcci\u00f3n de una extensi\u00f3n de la explanada posterior de la fuente para la generaci\u00f3n de un escenario para eventos acompa\u00f1ado de una estructura fija como soporte de iluminaci\u00f3n, enfatizado por muros de diferentes alturas aportando un juego volum\u00e9trico visual, junto a tres m\u00e1stiles.<\/p>\n\n\n\n<p>De esta manera, -dijeron desde el Gobierno Municipal- la plaza se posicionar\u00e1 como uno de los principales lugares de encuentro de la ciudad.<\/p>\n","protected":false},"excerpt":{"rendered":"<p>La fuente central est\u00e1 siendo reemplazada por un circuito cerrado de bombeo de agua a nivel del piso y un&hellip;<\/p>\n","protected":false},"author":3,"featured_media":14010,"comment_status":"closed","ping_status":"open","sticky":false,"template":"","format":"standard","meta":{"footnotes":""},"categories":[1044],"tags":[66,67,836,115,1102,968,572,578,628],"class_list":["post-14009","post","type-post","status-publish","format-standard","has-post-thumbnail","hentry","category-obras-publicas","tag-arroyito","tag-arroyito-cordoba","tag-arroyito-online","tag-benedetti","tag-gobierno-municipal","tag-gustavo-benedetti","tag-noticias-de-arroyito-y-zona","tag-obras-publicas","tag-plaza-25-de-mayo"],"_links":{"self":[{"href":"https:\/\/arroyitoonline.com.ar\/index.php?rest_route=\/wp\/v2\/posts\/14009","targetHints":{"allow":["GET"]}}],"collection":[{"href":"https:\/\/arroyitoonline.com.ar\/index.php?rest_route=\/wp\/v2\/posts"}],"about":[{"href":"https:\/\/arroyitoonline.com.ar\/index.php?rest_route=\/wp\/v2\/types\/post"}],"author":[{"embeddable":true,"href":"https:\/\/arroyitoonline.com.ar\/index.php?rest_route=\/wp\/v2\/users\/3"}],"replies":[{"embeddable":true,"href":"https:\/\/arroyitoonline.com.ar\/index.php?rest_route=%2Fwp%2Fv2%2Fcomments&post=14009"}],"version-history":[{"count":1,"href":"https:\/\/arroyitoonline.com.ar\/index.php?rest_route=\/wp\/v2\/posts\/14009\/revisions"}],"predecessor-version":[{"id":14013,"href":"https:\/\/arroyitoonline.com.ar\/index.php?rest_route=\/wp\/v2\/posts\/14009\/revisions\/14013"}],"wp:featuredmedia":[{"embeddable":true,"href":"https:\/\/arroyitoonline.com.ar\/index.php?rest_route=\/wp\/v2\/media\/14010"}],"wp:attachment":[{"href":"https:\/\/arroyitoonline.com.ar\/index.php?rest_route=%2Fwp%2Fv2%2Fmedia&parent=14009"}],"wp:term":[{"taxonomy":"category","embeddable":true,"href":"https:\/\/arroyitoonline.com.ar\/index.php?rest_route=%2Fwp%2Fv2%2Fcategories&post=14009"},{"taxonomy":"post_tag","embeddable":true,"href":"https:\/\/arroyitoonline.com.ar\/index.php?rest_route=%2Fwp%2Fv2%2Ftags&post=14009"}],"curies":[{"name":"wp","href":"https:\/\/api.w.org\/{rel}","templated":true}]}}