{"id":14019,"date":"2021-11-28T17:40:59","date_gmt":"2021-11-28T17:40:59","guid":{"rendered":"https:\/\/arroyitoonline.com.ar\/?p=14019"},"modified":"2021-11-29T20:38:31","modified_gmt":"2021-11-29T20:38:31","slug":"tienen-14-anos-andaban-con-un-arma-y-fueron-descubiertos-por-camaras-de-seguridad","status":"publish","type":"post","link":"https:\/\/arroyitoonline.com.ar\/?p=14019","title":{"rendered":"Tienen 14 a\u00f1os, andaban con un arma y fueron descubiertos por c\u00e1maras de seguridad"},"content":{"rendered":"\n<p><strong>Los adolescentes ten\u00edan en su poder un rifle de aire comprimido que carec\u00eda de documentaci\u00f3n alguna.<\/strong><\/p>\n\n\n\n<p>A las 18:50 horas del viernes, personal policial observ\u00f3 por las c\u00e1maras de seguridad que, en inmediaciones de la intersecci\u00f3n de Castro Barros y Belgrano, circulaban dos j\u00f3venes llevando consigo un arma larga.<\/p>\n\n\n\n<p>De manera inmediata, se constituyeron en el lugar e identificaron a los sujetos. Eran dos adolescentes de 14 a\u00f1os que ten\u00edan en su poder un rifle de aire comprimido sin documentaci\u00f3n alguna.<\/p>\n\n\n\n<p>Acto seguido les secuestr\u00f3 el arma y se les labraron actuaciones por infracci\u00f3n al art\u00edculo 102 del C\u00f3digo de Convivencia Ciudadana -Ley 10.326- (portaci\u00f3n ilegal de armas a disparo, impulsadas por gases o aire comprimido siendo trasportadas en la v\u00eda p\u00fablica). Intervino en el hecho, el Juzgado de Menores.<\/p>\n\n\n\n<p>Fuente: secci\u00f3n Prensa UR Departamental San Justo.<\/p>\n","protected":false},"excerpt":{"rendered":"<p>Los adolescentes ten\u00edan en su poder un rifle de aire comprimido que carec\u00eda de documentaci\u00f3n alguna. A las 18:50 horas&hellip;<\/p>\n","protected":false},"author":3,"featured_media":9911,"comment_status":"closed","ping_status":"open","sticky":false,"template":"","format":"standard","meta":{"footnotes":""},"categories":[824],"tags":[31,61,66,67,836,875,530,572,635,637,638,825],"class_list":["post-14019","post","type-post","status-publish","format-standard","has-post-thumbnail","hentry","category-policiales-online","tag-adolescentes","tag-armas","tag-arroyito","tag-arroyito-cordoba","tag-arroyito-online","tag-jovenes-2","tag-menores","tag-noticias-de-arroyito-y-zona","tag-policia","tag-policiales","tag-policiales-arroyito","tag-policiales-online"],"_links":{"self":[{"href":"https:\/\/arroyitoonline.com.ar\/index.php?rest_route=\/wp\/v2\/posts\/14019","targetHints":{"allow":["GET"]}}],"collection":[{"href":"https:\/\/arroyitoonline.com.ar\/index.php?rest_route=\/wp\/v2\/posts"}],"about":[{"href":"https:\/\/arroyitoonline.com.ar\/index.php?rest_route=\/wp\/v2\/types\/post"}],"author":[{"embeddable":true,"href":"https:\/\/arroyitoonline.com.ar\/index.php?rest_route=\/wp\/v2\/users\/3"}],"replies":[{"embeddable":true,"href":"https:\/\/arroyitoonline.com.ar\/index.php?rest_route=%2Fwp%2Fv2%2Fcomments&post=14019"}],"version-history":[{"count":3,"href":"https:\/\/arroyitoonline.com.ar\/index.php?rest_route=\/wp\/v2\/posts\/14019\/revisions"}],"predecessor-version":[{"id":14043,"href":"https:\/\/arroyitoonline.com.ar\/index.php?rest_route=\/wp\/v2\/posts\/14019\/revisions\/14043"}],"wp:featuredmedia":[{"embeddable":true,"href":"https:\/\/arroyitoonline.com.ar\/index.php?rest_route=\/wp\/v2\/media\/9911"}],"wp:attachment":[{"href":"https:\/\/arroyitoonline.com.ar\/index.php?rest_route=%2Fwp%2Fv2%2Fmedia&parent=14019"}],"wp:term":[{"taxonomy":"category","embeddable":true,"href":"https:\/\/arroyitoonline.com.ar\/index.php?rest_route=%2Fwp%2Fv2%2Fcategories&post=14019"},{"taxonomy":"post_tag","embeddable":true,"href":"https:\/\/arroyitoonline.com.ar\/index.php?rest_route=%2Fwp%2Fv2%2Ftags&post=14019"}],"curies":[{"name":"wp","href":"https:\/\/api.w.org\/{rel}","templated":true}]}}