{"id":14031,"date":"2021-11-29T19:03:02","date_gmt":"2021-11-29T19:03:02","guid":{"rendered":"https:\/\/arroyitoonline.com.ar\/?p=14031"},"modified":"2021-11-29T19:03:04","modified_gmt":"2021-11-29T19:03:04","slug":"covid-19-quienes-aun-no-esten-vacunados-o-les-falte-la-segunda-dosis-deben-acercarse-al-vacunatorio","status":"publish","type":"post","link":"https:\/\/arroyitoonline.com.ar\/?p=14031","title":{"rendered":"Covid-19: quienes a\u00fan no est\u00e9n vacunados o les falte la segunda dosis deben acercarse al vacunatorio"},"content":{"rendered":"\n<p><strong>Es para la realizaci\u00f3n de un registro. Los que hayan recibido la notificaci\u00f3n para colocarse la tercera dosis deben acudir tambi\u00e9n.<\/strong><\/p>\n\n\n\n<p>El \u00e1rea de Inmunizaciones del Gobierno Municipal informa a todos los vecinos que les falte la primera dosis y\/o segundo componente de vacunas contra la\u00a0Covid-19, que deben dirigirse al Sal\u00f3n Parroquial, de lunes a viernes de 8:00 a 16:00 horas, para la realizaci\u00f3n de un registro de vacunaci\u00f3n.<\/p>\n\n\n\n<figure class=\"wp-block-embed-instagram aligncenter wp-block-embed is-type-rich is-provider-instagram\"><div class=\"wp-block-embed__wrapper\">\nhttps:\/\/www.instagram.com\/p\/CW3q4eTjiZM\/?utm_source=ig_web_copy_link\n<\/div><figcaption><em>La m\u00e9dica Infect\u00f3loga M\u00f3nica Rodr\u00edguez, a cargo del \u00e1rea de Inmunizaci\u00f3n, emiti\u00f3 un comunicado.<\/em><\/figcaption><\/figure>\n\n\n\n<p>Del mismo modo, a todas las personas que les lleg\u00f3 la notificaci\u00f3n para la colocaci\u00f3n de su tercera dosis, solicitan que se acerquen al vacunatorio para ser inoculados.\u00a0<\/p>\n","protected":false},"excerpt":{"rendered":"<p>Es para la realizaci\u00f3n de un registro. Los que hayan recibido la notificaci\u00f3n para colocarse la tercera dosis deben acudir&hellip;<\/p>\n","protected":false},"author":3,"featured_media":14033,"comment_status":"closed","ping_status":"open","sticky":false,"template":"","format":"standard","meta":{"footnotes":""},"categories":[9],"tags":[66,67,836,1268,1143,1108,1152,1102,1177,1267,572,705,1266,1286,790,1219],"class_list":["post-14031","post","type-post","status-publish","format-standard","has-post-thumbnail","hentry","category-infosalud","tag-arroyito","tag-arroyito-cordoba","tag-arroyito-online","tag-astrazeneca","tag-barbijo","tag-coronavirus","tag-covid-19","tag-gobierno-municipal","tag-hospital-municipal-carlos-j-rodriguez","tag-moderna","tag-noticias-de-arroyito-y-zona","tag-salon-parroquial","tag-sinopharm","tag-sputnik-v","tag-vacunacion","tag-vacunacion-covid-19"],"_links":{"self":[{"href":"https:\/\/arroyitoonline.com.ar\/index.php?rest_route=\/wp\/v2\/posts\/14031","targetHints":{"allow":["GET"]}}],"collection":[{"href":"https:\/\/arroyitoonline.com.ar\/index.php?rest_route=\/wp\/v2\/posts"}],"about":[{"href":"https:\/\/arroyitoonline.com.ar\/index.php?rest_route=\/wp\/v2\/types\/post"}],"author":[{"embeddable":true,"href":"https:\/\/arroyitoonline.com.ar\/index.php?rest_route=\/wp\/v2\/users\/3"}],"replies":[{"embeddable":true,"href":"https:\/\/arroyitoonline.com.ar\/index.php?rest_route=%2Fwp%2Fv2%2Fcomments&post=14031"}],"version-history":[{"count":1,"href":"https:\/\/arroyitoonline.com.ar\/index.php?rest_route=\/wp\/v2\/posts\/14031\/revisions"}],"predecessor-version":[{"id":14034,"href":"https:\/\/arroyitoonline.com.ar\/index.php?rest_route=\/wp\/v2\/posts\/14031\/revisions\/14034"}],"wp:featuredmedia":[{"embeddable":true,"href":"https:\/\/arroyitoonline.com.ar\/index.php?rest_route=\/wp\/v2\/media\/14033"}],"wp:attachment":[{"href":"https:\/\/arroyitoonline.com.ar\/index.php?rest_route=%2Fwp%2Fv2%2Fmedia&parent=14031"}],"wp:term":[{"taxonomy":"category","embeddable":true,"href":"https:\/\/arroyitoonline.com.ar\/index.php?rest_route=%2Fwp%2Fv2%2Fcategories&post=14031"},{"taxonomy":"post_tag","embeddable":true,"href":"https:\/\/arroyitoonline.com.ar\/index.php?rest_route=%2Fwp%2Fv2%2Ftags&post=14031"}],"curies":[{"name":"wp","href":"https:\/\/api.w.org\/{rel}","templated":true}]}}