{"id":14047,"date":"2021-11-30T16:10:23","date_gmt":"2021-11-30T16:10:23","guid":{"rendered":"https:\/\/arroyitoonline.com.ar\/?p=14047"},"modified":"2021-11-30T18:07:31","modified_gmt":"2021-11-30T18:07:31","slug":"familiares-del-joven-alex-lemos-marcharon-pidiendo-justicia","status":"publish","type":"post","link":"https:\/\/arroyitoonline.com.ar\/?p=14047","title":{"rendered":"Familiares del joven Alex Lemos marcharon pidiendo &#8220;justicia&#8221;"},"content":{"rendered":"\n<p><strong>El chico de 17 a\u00f1os falleci\u00f3 luego de accidentarse con su moto. Sus allegados aducen mala praxis en el hospital municipal. <\/strong><\/p>\n\n\n\n<p>Anoche, los familiares y amigos del joven Alex Emanuel Lemos, que falleci\u00f3 como consecuencia de las lesiones sufridas en un accidente de tr\u00e1nsito, marcharon desde la Municipalidad de Arroyito hasta el Hospital Carlos J. Rodr\u00edguez. <\/p>\n\n\n\n<p>La consigna de la concentraci\u00f3n fue el pedido de justicia por la presunta mala praxis ocurrida el nosocomio. As\u00ed lo asegur\u00f3 la hermana del joven, Flavia Illarra, quien expres\u00f3 que: <em>\u201cEl motivo de esta marcha es que se haga justicia por mi hermano, en el sentido de que no queremos m\u00e1s negligencia en el hospital\u201d<\/em>.<\/p>\n\n\n\n<p>El domingo 21 de noviembre a las 4:15 de la madrugada, luego de visitar a su novia, Axel Lemos (17 a\u00f1os) protagoniz\u00f3 un accidente de tr\u00e1nsito con su moto. El joven choc\u00f3 en la intersecci\u00f3n de calle Jos\u00e9 A. Vocos y Av. Mariano Moreno contra un Fiat Siena de color rojo que funciona como rem\u00eds. Luego del siniestro, Lemos fue trasladado por el servicio de emergencias al Hospital Municipal Dr. Carlos J. Rodr\u00edguez.<\/p>\n\n\n\n<p><em>\u201cEn el hospital no le practican ning\u00fan tipo de estudio, ning\u00fan tipo de an\u00e1lisis. El \u00fanico an\u00e1lisis que le hicieron es de sangre, porque supuestamente para los m\u00e9dicos y las enfermeras del hospital estaba alcoholizado y drogado\u201d<\/em>, indic\u00f3 Flavia Illarra y asegur\u00f3 que<em> \u201cNosotros damos por seguro que drogado no estaba y alcoholizado tampoco. No estaba drogado porque \u00e9l practicaba rugby, \u00e9l amaba a su deporte y estaba en contra de esas cosas. Adem\u00e1s, ven\u00eda de acompa\u00f1ar a su novia que estaba estudiando para rendir\u201d<\/em>.<\/p>\n\n\n\n<p><em>\u201cAlex ten\u00eda un golpe grande, un derrame cerebral en la cabeza y me lo doparon. Todo m\u00e9dico sabe que si ten\u00e9s un golpe en la cabeza lo primero que tienen que hacer es no dejarlo dormir. No se puede creer todo lo que hicieron, lo maltrataron\u201d<\/em>, asever\u00f3 Illarra.<\/p>\n\n\n\n<p>Una vez en el nosocomio de Arroyito, el joven fue traslado al hospital de Alta Gracias donde, seg\u00fan el parte de la polic\u00eda de Arroyito, falleci\u00f3 el lunes. <em>\u201cMi hijo no se muere por el golpe del choque, se muere por la mala atenci\u00f3n del m\u00e9dico. No hicieron lo que ten\u00edan que hacerle, lo intubaron mal. Tengo el parte m\u00e9dico que me dieron en Alta Gracia y dice que estaba mal intubado\u201d<\/em>, indic\u00f3 la madre de Alex, Marcela Lemos.<\/p>\n\n\n\n<p><em>\u201cNosotros no queremos ning\u00fan accionar que no sea ajeno al hospital. Pedimos que haya m\u00e1s insumos, m\u00e1s gente capacitada. Reclamamos que haya m\u00e1s inversi\u00f3n en el sistema de salud\u201d<\/em>, coment\u00f3 el hermano de la v\u00edctima, Braian Illarra.<\/p>\n\n\n\n<p>Tambi\u00e9n cont\u00f3 que ninguna de las dos ambulancias del hospital se encontraba en condiciones para hacer el traslado, por lo que su hermano tuvo que esperar 40 minutos dentro de la unidad antes de llevarlo.<\/p>\n\n\n\n<p><em>\u201cNada ni nadie nos lo va a devolver por eso lo \u00fanico que queremos es que no haya otro caso igual\u201d<\/em>, manifest\u00f3 por \u00faltimo, Flavia Illarra. <\/p>\n\n\n\n<p>Fuente: http:\/\/cotramaa.org.ar\/ | Foto: Radio FM Libre 93.7.<\/p>\n","protected":false},"excerpt":{"rendered":"<p>El chico de 17 a\u00f1os falleci\u00f3 luego de accidentarse con su moto. Sus allegados aducen mala praxis en el hospital&hellip;<\/p>\n","protected":false},"author":3,"featured_media":14048,"comment_status":"closed","ping_status":"open","sticky":false,"template":"","format":"standard","meta":{"footnotes":""},"categories":[824],"tags":[22,66,67,836,426,1177,521,1086,547,572,635,637,638,825],"class_list":["post-14047","post","type-post","status-publish","format-standard","has-post-thumbnail","hentry","category-policiales-online","tag-accidente","tag-arroyito","tag-arroyito-cordoba","tag-arroyito-online","tag-hospital","tag-hospital-municipal-carlos-j-rodriguez","tag-marcha","tag-moto","tag-motos","tag-noticias-de-arroyito-y-zona","tag-policia","tag-policiales","tag-policiales-arroyito","tag-policiales-online"],"_links":{"self":[{"href":"https:\/\/arroyitoonline.com.ar\/index.php?rest_route=\/wp\/v2\/posts\/14047","targetHints":{"allow":["GET"]}}],"collection":[{"href":"https:\/\/arroyitoonline.com.ar\/index.php?rest_route=\/wp\/v2\/posts"}],"about":[{"href":"https:\/\/arroyitoonline.com.ar\/index.php?rest_route=\/wp\/v2\/types\/post"}],"author":[{"embeddable":true,"href":"https:\/\/arroyitoonline.com.ar\/index.php?rest_route=\/wp\/v2\/users\/3"}],"replies":[{"embeddable":true,"href":"https:\/\/arroyitoonline.com.ar\/index.php?rest_route=%2Fwp%2Fv2%2Fcomments&post=14047"}],"version-history":[{"count":2,"href":"https:\/\/arroyitoonline.com.ar\/index.php?rest_route=\/wp\/v2\/posts\/14047\/revisions"}],"predecessor-version":[{"id":14050,"href":"https:\/\/arroyitoonline.com.ar\/index.php?rest_route=\/wp\/v2\/posts\/14047\/revisions\/14050"}],"wp:featuredmedia":[{"embeddable":true,"href":"https:\/\/arroyitoonline.com.ar\/index.php?rest_route=\/wp\/v2\/media\/14048"}],"wp:attachment":[{"href":"https:\/\/arroyitoonline.com.ar\/index.php?rest_route=%2Fwp%2Fv2%2Fmedia&parent=14047"}],"wp:term":[{"taxonomy":"category","embeddable":true,"href":"https:\/\/arroyitoonline.com.ar\/index.php?rest_route=%2Fwp%2Fv2%2Fcategories&post=14047"},{"taxonomy":"post_tag","embeddable":true,"href":"https:\/\/arroyitoonline.com.ar\/index.php?rest_route=%2Fwp%2Fv2%2Ftags&post=14047"}],"curies":[{"name":"wp","href":"https:\/\/api.w.org\/{rel}","templated":true}]}}