{"id":14051,"date":"2021-12-02T20:07:51","date_gmt":"2021-12-02T20:07:51","guid":{"rendered":"https:\/\/arroyitoonline.com.ar\/?p=14051"},"modified":"2021-12-02T20:08:10","modified_gmt":"2021-12-02T20:08:10","slug":"esta-noche-se-estrena-sinfonias-el-single-que-le-da-nombre-al-segundo-disco-de-juanjo-ceccon","status":"publish","type":"post","link":"https:\/\/arroyitoonline.com.ar\/?p=14051","title":{"rendered":"Esta noche se estrena Sinfon\u00edas, el single que le da nombre al segundo disco de Juanjo Cecc\u00f3n"},"content":{"rendered":"\n<p><strong>Por su parte, el mi\u00e9rcoles 8 de diciembre, llegar\u00e1 el videoclip al canal de Youtube y redes del artista de Arroyito.<\/strong><\/p>\n\n\n\n<p>Desde el primer minuto de este viernes 3 de diciembre estar\u00e1 disponible en las plataformas de m\u00fasica, Sinfon\u00edas, el cuarto single del segundo disco de Juanjo Cecc\u00f3n, que se llama de la misma manera.<\/p>\n\n\n\n<p>Seg\u00fan lo coment\u00f3 el propio Juanjo, se trata de una canci\u00f3n con atm\u00f3sferas funk, dance y pop. Fue la primera composici\u00f3n del cantautor local para este disco y <em>&#8220;me dio la pauta del nuevo sonido y las l\u00edricas, que son bien diferentes a las del primero, Antih\u00e9roe&#8221;<\/em>, remarc\u00f3. <\/p>\n\n\n\n<figure><iframe loading=\"lazy\" src=\"https:\/\/www.facebook.com\/plugins\/post.php?href=https%3A%2F%2Fwww.facebook.com%2Fjuanjoceccon%2Fposts%2F10159522198104110&amp;show_text=true&amp;width=500\" width=\"500\" height=\"699\" allowfullscreen=\"true\"><\/iframe><\/figure>\n\n\n\n<p>Adem\u00e1s, explicado por el creador, <em>&#8220;tiene una pata en el pasado y una pata en el futuro esta canci\u00f3n, con un estribillo estridente&#8221;<\/em>, como le gustan a \u00e9l. Sinfon\u00edas fue producida por Mariano Braun y Nelson Pombal, con quienes Cecc\u00f3n viene trabajando en todo este trabajo discogr\u00e1fico. <em>&#8220;Y ya para las pr\u00f3ximas canciones que salgan va a estar Fernando Samalea, baterista de Gustavo Cerati y Charly Garc\u00eda tocando ah\u00ed tambi\u00e9n. Esto es una alegr\u00eda para m\u00ed, un orgullo enorme porque es un batero que escuch\u00e9 toda la vida&#8221;<\/em>, se emocion\u00f3 el artista de Arroyito.<\/p>\n\n\n\n<p><em>&#8220;Estoy s\u00faper feliz con el resultado de esta canci\u00f3n y con el desarrollo del disco, en un a\u00f1o bastante particular en lo personal y tambi\u00e9n por la pandemia. Pero ac\u00e1 estamos de vuelta activando con la m\u00fasica&#8221;<\/em>, sum\u00f3 quien fuera nominado a los Premios Gardel. <\/p>\n\n\n\n<p><strong>El videoclip<\/strong><\/p>\n\n\n\n<p>Por su parte, el mi\u00e9rcoles 8 de diciembre a las 22:00 horas, se estrena el videoclip de Sinfon\u00edas, filmado en C\u00f3rdoba Capital, que cuenta con la direcci\u00f3n de un joven realizador de nuestra ciudad, Stefano <em>&#8220;Piru&#8221; <\/em>Schiavoni, hijo de Hugo.<\/p>\n\n\n\n<p>El mismo d\u00eda que se cumple el 41\u00ba aniversario del asesinato de John Lennon a manos de Chapman -y la elecci\u00f3n de la fecha no es una casualidad- llegar\u00e1 el soporte audiovisual de Sinfon\u00edas al canal de YouTube y redes sociales de Juanjo Cecc\u00f3n. Se viene otro hit.<\/p>\n","protected":false},"excerpt":{"rendered":"<p>Por su parte, el mi\u00e9rcoles 8 de diciembre, llegar\u00e1 el videoclip al canal de Youtube y redes del artista de&hellip;<\/p>\n","protected":false},"author":3,"featured_media":14052,"comment_status":"closed","ping_status":"open","sticky":false,"template":"","format":"standard","meta":{"footnotes":""},"categories":[826],"tags":[66,67,836,351,862,472,559,572,1296],"class_list":["post-14051","post","type-post","status-publish","format-standard","has-post-thumbnail","hentry","category-espectaculos-online","tag-arroyito","tag-arroyito-cordoba","tag-arroyito-online","tag-espectaculos","tag-espectaculos-online","tag-juanjo-ceccon","tag-musica","tag-noticias-de-arroyito-y-zona","tag-sinfonias"],"_links":{"self":[{"href":"https:\/\/arroyitoonline.com.ar\/index.php?rest_route=\/wp\/v2\/posts\/14051","targetHints":{"allow":["GET"]}}],"collection":[{"href":"https:\/\/arroyitoonline.com.ar\/index.php?rest_route=\/wp\/v2\/posts"}],"about":[{"href":"https:\/\/arroyitoonline.com.ar\/index.php?rest_route=\/wp\/v2\/types\/post"}],"author":[{"embeddable":true,"href":"https:\/\/arroyitoonline.com.ar\/index.php?rest_route=\/wp\/v2\/users\/3"}],"replies":[{"embeddable":true,"href":"https:\/\/arroyitoonline.com.ar\/index.php?rest_route=%2Fwp%2Fv2%2Fcomments&post=14051"}],"version-history":[{"count":4,"href":"https:\/\/arroyitoonline.com.ar\/index.php?rest_route=\/wp\/v2\/posts\/14051\/revisions"}],"predecessor-version":[{"id":14056,"href":"https:\/\/arroyitoonline.com.ar\/index.php?rest_route=\/wp\/v2\/posts\/14051\/revisions\/14056"}],"wp:featuredmedia":[{"embeddable":true,"href":"https:\/\/arroyitoonline.com.ar\/index.php?rest_route=\/wp\/v2\/media\/14052"}],"wp:attachment":[{"href":"https:\/\/arroyitoonline.com.ar\/index.php?rest_route=%2Fwp%2Fv2%2Fmedia&parent=14051"}],"wp:term":[{"taxonomy":"category","embeddable":true,"href":"https:\/\/arroyitoonline.com.ar\/index.php?rest_route=%2Fwp%2Fv2%2Fcategories&post=14051"},{"taxonomy":"post_tag","embeddable":true,"href":"https:\/\/arroyitoonline.com.ar\/index.php?rest_route=%2Fwp%2Fv2%2Ftags&post=14051"}],"curies":[{"name":"wp","href":"https:\/\/api.w.org\/{rel}","templated":true}]}}