{"id":14062,"date":"2021-12-03T13:04:24","date_gmt":"2021-12-03T13:04:24","guid":{"rendered":"https:\/\/arroyitoonline.com.ar\/?p=14062"},"modified":"2021-12-06T13:08:26","modified_gmt":"2021-12-06T13:08:26","slug":"detienen-en-arroyito-a-profugo-de-la-justicia-desde-2017-por-trafico-de-drogas","status":"publish","type":"post","link":"https:\/\/arroyitoonline.com.ar\/?p=14062","title":{"rendered":"Detienen en Arroyito, a pr\u00f3fugo de la Justicia desde 2017 por tr\u00e1fico de drogas"},"content":{"rendered":"\n<p><strong>El hombre tiene 40 a\u00f1os y fue aprehendido por la Polic\u00eda Federal, en el Barrio Municipal.<\/strong><\/p>\n\n\n\n<p>Efectivos de la delegaci\u00f3n San Francisco de la Polic\u00eda Federal Argentina (PFA) detuvieron en la tarde del domingo 28 de noviembre, a un hombre que era buscado desde el a\u00f1o 2017 por una causa de tr\u00e1fico de drogas.<\/p>\n\n\n\n<p>La detenci\u00f3n se produjo en el barrio municipal de nuestra ciudad y el hombre, de 40 a\u00f1os, no opuso resistencia a su arresto.<\/p>\n\n\n\n<p>Seg\u00fan trascendi\u00f3, los detectives de Polic\u00eda Federal lo buscaban de manera intensa desde hace cuatro a\u00f1os y tareas de inteligencia permitieron establecer su localizaci\u00f3n exacta. En consecuencia se lo detuvo en un procedimiento a cargo de la PFA.<\/p>\n\n\n\n<p>Interviene el Juzgado Federal de Bell Ville, a cargo del magistrado Sergio Pintos.<\/p>\n\n\n\n<p>Fuente: La Voz de San Justo.<\/p>\n","protected":false},"excerpt":{"rendered":"<p>El hombre tiene 40 a\u00f1os y fue aprehendido por la Polic\u00eda Federal, en el Barrio Municipal. Efectivos de la delegaci\u00f3n&hellip;<\/p>\n","protected":false},"author":3,"featured_media":14063,"comment_status":"closed","ping_status":"open","sticky":false,"template":"","format":"standard","meta":{"footnotes":""},"categories":[824],"tags":[66,67,836,303,572,635,923,637,638,825],"class_list":["post-14062","post","type-post","status-publish","format-standard","has-post-thumbnail","hentry","category-policiales-online","tag-arroyito","tag-arroyito-cordoba","tag-arroyito-online","tag-drogas","tag-noticias-de-arroyito-y-zona","tag-policia","tag-policia-federal-argentina","tag-policiales","tag-policiales-arroyito","tag-policiales-online"],"_links":{"self":[{"href":"https:\/\/arroyitoonline.com.ar\/index.php?rest_route=\/wp\/v2\/posts\/14062","targetHints":{"allow":["GET"]}}],"collection":[{"href":"https:\/\/arroyitoonline.com.ar\/index.php?rest_route=\/wp\/v2\/posts"}],"about":[{"href":"https:\/\/arroyitoonline.com.ar\/index.php?rest_route=\/wp\/v2\/types\/post"}],"author":[{"embeddable":true,"href":"https:\/\/arroyitoonline.com.ar\/index.php?rest_route=\/wp\/v2\/users\/3"}],"replies":[{"embeddable":true,"href":"https:\/\/arroyitoonline.com.ar\/index.php?rest_route=%2Fwp%2Fv2%2Fcomments&post=14062"}],"version-history":[{"count":1,"href":"https:\/\/arroyitoonline.com.ar\/index.php?rest_route=\/wp\/v2\/posts\/14062\/revisions"}],"predecessor-version":[{"id":14064,"href":"https:\/\/arroyitoonline.com.ar\/index.php?rest_route=\/wp\/v2\/posts\/14062\/revisions\/14064"}],"wp:featuredmedia":[{"embeddable":true,"href":"https:\/\/arroyitoonline.com.ar\/index.php?rest_route=\/wp\/v2\/media\/14063"}],"wp:attachment":[{"href":"https:\/\/arroyitoonline.com.ar\/index.php?rest_route=%2Fwp%2Fv2%2Fmedia&parent=14062"}],"wp:term":[{"taxonomy":"category","embeddable":true,"href":"https:\/\/arroyitoonline.com.ar\/index.php?rest_route=%2Fwp%2Fv2%2Fcategories&post=14062"},{"taxonomy":"post_tag","embeddable":true,"href":"https:\/\/arroyitoonline.com.ar\/index.php?rest_route=%2Fwp%2Fv2%2Ftags&post=14062"}],"curies":[{"name":"wp","href":"https:\/\/api.w.org\/{rel}","templated":true}]}}