{"id":14068,"date":"2021-12-06T15:07:04","date_gmt":"2021-12-06T15:07:04","guid":{"rendered":"https:\/\/arroyitoonline.com.ar\/?p=14068"},"modified":"2021-12-06T15:07:05","modified_gmt":"2021-12-06T15:07:05","slug":"agredio-a-su-pareja-y-la-policia-lo-detuvo","status":"publish","type":"post","link":"https:\/\/arroyitoonline.com.ar\/?p=14068","title":{"rendered":"Agredi\u00f3 a su pareja y la Polic\u00eda lo detuvo"},"content":{"rendered":"\n<p><strong>El hombre de 43 a\u00f1os qued\u00f3 alojado por hecho de violencia familiar, a disposici\u00f3n de la Fiscal\u00eda de Instrucci\u00f3n local. <\/strong><\/p>\n\n\n\n<p>El s\u00e1bado a las 10:50 horas, personal policial se constituy\u00f3 en una vivienda de Av. Bernardi al 1200. En el lugar, una mujer de 57 a\u00f1os manifest\u00f3 que momentos antes hab\u00eda tenido una discusi\u00f3n con su pareja el cual la agredi\u00f3 y da\u00f1\u00f3 su tel\u00e9fono celular.<\/p>\n\n\n\n<p>A continuaci\u00f3n, uniformados detuvieron al hombre de 43 a\u00f1os, quien qued\u00f3 alojado en la Comisar\u00eda local, a disposici\u00f3n de la Fiscal\u00eda de Instrucci\u00f3n de Arroyito por hecho de violencia familiar.<\/p>\n\n\n\n<p>Fuente: secci\u00f3n Prensa UR Departamental San Justo. <\/p>\n","protected":false},"excerpt":{"rendered":"<p>El hombre de 43 a\u00f1os qued\u00f3 alojado por hecho de violencia familiar, a disposici\u00f3n de la Fiscal\u00eda de Instrucci\u00f3n local.&hellip;<\/p>\n","protected":false},"author":3,"featured_media":8867,"comment_status":"closed","ping_status":"open","sticky":false,"template":"","format":"standard","meta":{"footnotes":""},"categories":[824],"tags":[66,67,836,285,572,635,637,638,825,808,809,810],"class_list":["post-14068","post","type-post","status-publish","format-standard","has-post-thumbnail","hentry","category-policiales-online","tag-arroyito","tag-arroyito-cordoba","tag-arroyito-online","tag-detencion","tag-noticias-de-arroyito-y-zona","tag-policia","tag-policiales","tag-policiales-arroyito","tag-policiales-online","tag-violencia","tag-violencia-de-genero","tag-violencia-familiar"],"_links":{"self":[{"href":"https:\/\/arroyitoonline.com.ar\/index.php?rest_route=\/wp\/v2\/posts\/14068","targetHints":{"allow":["GET"]}}],"collection":[{"href":"https:\/\/arroyitoonline.com.ar\/index.php?rest_route=\/wp\/v2\/posts"}],"about":[{"href":"https:\/\/arroyitoonline.com.ar\/index.php?rest_route=\/wp\/v2\/types\/post"}],"author":[{"embeddable":true,"href":"https:\/\/arroyitoonline.com.ar\/index.php?rest_route=\/wp\/v2\/users\/3"}],"replies":[{"embeddable":true,"href":"https:\/\/arroyitoonline.com.ar\/index.php?rest_route=%2Fwp%2Fv2%2Fcomments&post=14068"}],"version-history":[{"count":1,"href":"https:\/\/arroyitoonline.com.ar\/index.php?rest_route=\/wp\/v2\/posts\/14068\/revisions"}],"predecessor-version":[{"id":14069,"href":"https:\/\/arroyitoonline.com.ar\/index.php?rest_route=\/wp\/v2\/posts\/14068\/revisions\/14069"}],"wp:featuredmedia":[{"embeddable":true,"href":"https:\/\/arroyitoonline.com.ar\/index.php?rest_route=\/wp\/v2\/media\/8867"}],"wp:attachment":[{"href":"https:\/\/arroyitoonline.com.ar\/index.php?rest_route=%2Fwp%2Fv2%2Fmedia&parent=14068"}],"wp:term":[{"taxonomy":"category","embeddable":true,"href":"https:\/\/arroyitoonline.com.ar\/index.php?rest_route=%2Fwp%2Fv2%2Fcategories&post=14068"},{"taxonomy":"post_tag","embeddable":true,"href":"https:\/\/arroyitoonline.com.ar\/index.php?rest_route=%2Fwp%2Fv2%2Ftags&post=14068"}],"curies":[{"name":"wp","href":"https:\/\/api.w.org\/{rel}","templated":true}]}}