{"id":14073,"date":"2021-12-07T21:41:04","date_gmt":"2021-12-07T21:41:04","guid":{"rendered":"https:\/\/arroyitoonline.com.ar\/?p=14073"},"modified":"2021-12-07T21:41:05","modified_gmt":"2021-12-07T21:41:05","slug":"este-miercoles-8-no-habra-recoleccion-de-residuos-ni-de-poda-y-escombros","status":"publish","type":"post","link":"https:\/\/arroyitoonline.com.ar\/?p=14073","title":{"rendered":"Este mi\u00e9rcoles 8 no habr\u00e1 recolecci\u00f3n de residuos, ni de poda y escombros"},"content":{"rendered":"\n<p><strong>Por su parte, los residuos secos, en el marco del Programa Arroyito Separa, ser\u00e1n retirados el mi\u00e9rcoles 15.<\/strong><\/p>\n\n\n\n<p>Con motivo del feriado nacional en conmemoraci\u00f3n al D\u00eda de la Inmaculada Concepci\u00f3n de Mar\u00eda, este mi\u00e9rcoles 8 de diciembre\u00a0<strong>NO HABR\u00c1 RECOLECCI\u00d3N de residuos domiciliarios, poda y escombros, ni actividad del Programa Arroyito Separa.<\/strong><\/p>\n\n\n\n<div class=\"wp-block-image\"><figure class=\"aligncenter size-large\"><img loading=\"lazy\" decoding=\"async\" width=\"1024\" height=\"1024\" src=\"https:\/\/arroyitoonline.com.ar\/wp-content\/uploads\/2021\/12\/recolecci\u00f3n-de-residuos-8-de-diciembre-1024x1024.jpeg\" alt=\"\" class=\"wp-image-14074\" srcset=\"https:\/\/arroyitoonline.com.ar\/wp-content\/uploads\/2021\/12\/recolecci\u00f3n-de-residuos-8-de-diciembre-1024x1024.jpeg 1024w, https:\/\/arroyitoonline.com.ar\/wp-content\/uploads\/2021\/12\/recolecci\u00f3n-de-residuos-8-de-diciembre-300x300.jpeg 300w, https:\/\/arroyitoonline.com.ar\/wp-content\/uploads\/2021\/12\/recolecci\u00f3n-de-residuos-8-de-diciembre-150x150.jpeg 150w, https:\/\/arroyitoonline.com.ar\/wp-content\/uploads\/2021\/12\/recolecci\u00f3n-de-residuos-8-de-diciembre-768x768.jpeg 768w, https:\/\/arroyitoonline.com.ar\/wp-content\/uploads\/2021\/12\/recolecci\u00f3n-de-residuos-8-de-diciembre.jpeg 1181w\" sizes=\"auto, (max-width: 1024px) 100vw, 1024px\" \/><\/figure><\/div>\n\n\n\n<p>La recolecci\u00f3n de poda y escombros correspondiente al mi\u00e9rcoles, se realizar\u00e1 el jueves 9\/12 y los residuos secos se retirar\u00e1n el mi\u00e9rcoles 15\/12.<\/p>\n","protected":false},"excerpt":{"rendered":"<p>Por su parte, los residuos secos, en el marco del Programa Arroyito Separa, ser\u00e1n retirados el mi\u00e9rcoles 15. Con motivo&hellip;<\/p>\n","protected":false},"author":3,"featured_media":2563,"comment_status":"closed","ping_status":"open","sticky":false,"template":"","format":"standard","meta":{"footnotes":""},"categories":[879],"tags":[66,67,836,1292,111,367,1102,572,632,675,731,732],"class_list":["post-14073","post","type-post","status-publish","format-standard","has-post-thumbnail","hentry","category-servicios-publicos","tag-arroyito","tag-arroyito-cordoba","tag-arroyito-online","tag-arroyito-separa","tag-basura","tag-feriado","tag-gobierno-municipal","tag-noticias-de-arroyito-y-zona","tag-poda","tag-recoleccion-de-residuos","tag-servicios","tag-servicios-publicos"],"_links":{"self":[{"href":"https:\/\/arroyitoonline.com.ar\/index.php?rest_route=\/wp\/v2\/posts\/14073","targetHints":{"allow":["GET"]}}],"collection":[{"href":"https:\/\/arroyitoonline.com.ar\/index.php?rest_route=\/wp\/v2\/posts"}],"about":[{"href":"https:\/\/arroyitoonline.com.ar\/index.php?rest_route=\/wp\/v2\/types\/post"}],"author":[{"embeddable":true,"href":"https:\/\/arroyitoonline.com.ar\/index.php?rest_route=\/wp\/v2\/users\/3"}],"replies":[{"embeddable":true,"href":"https:\/\/arroyitoonline.com.ar\/index.php?rest_route=%2Fwp%2Fv2%2Fcomments&post=14073"}],"version-history":[{"count":1,"href":"https:\/\/arroyitoonline.com.ar\/index.php?rest_route=\/wp\/v2\/posts\/14073\/revisions"}],"predecessor-version":[{"id":14075,"href":"https:\/\/arroyitoonline.com.ar\/index.php?rest_route=\/wp\/v2\/posts\/14073\/revisions\/14075"}],"wp:featuredmedia":[{"embeddable":true,"href":"https:\/\/arroyitoonline.com.ar\/index.php?rest_route=\/wp\/v2\/media\/2563"}],"wp:attachment":[{"href":"https:\/\/arroyitoonline.com.ar\/index.php?rest_route=%2Fwp%2Fv2%2Fmedia&parent=14073"}],"wp:term":[{"taxonomy":"category","embeddable":true,"href":"https:\/\/arroyitoonline.com.ar\/index.php?rest_route=%2Fwp%2Fv2%2Fcategories&post=14073"},{"taxonomy":"post_tag","embeddable":true,"href":"https:\/\/arroyitoonline.com.ar\/index.php?rest_route=%2Fwp%2Fv2%2Ftags&post=14073"}],"curies":[{"name":"wp","href":"https:\/\/api.w.org\/{rel}","templated":true}]}}