{"id":14088,"date":"2021-12-10T14:06:20","date_gmt":"2021-12-10T14:06:20","guid":{"rendered":"https:\/\/arroyitoonline.com.ar\/?p=14088"},"modified":"2021-12-10T14:06:22","modified_gmt":"2021-12-10T14:06:22","slug":"covid-19-se-libero-la-inoculacion-con-3ra-dosis-para-inmunizados-con-2da-vacuna-hace-cinco-meses","status":"publish","type":"post","link":"https:\/\/arroyitoonline.com.ar\/?p=14088","title":{"rendered":"Covid-19: se liber\u00f3 la inoculaci\u00f3n con 3ra. dosis para inmunizados con 2da. vacuna hace cinco meses"},"content":{"rendered":"\n<p><strong>El vacunatorio del Sal\u00f3n Parroquial funciona de lunes a viernes de 8:00 a 15:00 horas. <\/strong><\/p>\n\n\n\n<p>De acuerdo a las ultimas indicaciones nacionales, toda persona mayor de 18 a\u00f1os que haya cumplido cinco meses de la colocaci\u00f3n del segundo componente de cualquier vacuna contra la\u00a0Covid-19, puede asistir de manera espont\u00e1nea (sin turno) a inocularse con la tercera dosis.<\/p>\n\n\n\n<p>Por su parte, a todo aquel que le falte colocarse la segunda dosis de las siguientes vacunas, puede presentarse de manera espont\u00e1nea (sin turno): <\/p>\n\n\n\n<p>ASTRAZENECA: debe haber cumplido las ocho semanas de la primera vacuna.<\/p>\n\n\n\n<p>SINOPHARM: debe haber cumplido las cuatro semanas de la inmunizaci\u00f3n con el primer componente.<\/p>\n\n\n\n<p>Los vecinos deben acercarse con el carnet de vacunaci\u00f3n y el DNI. El vacunatorio del Sal\u00f3n Parroquial funciona de lunes a viernes de 8:00 a 15:00 horas.<\/p>\n\n\n\n<p>Aclaraci\u00f3n: MA\u00d1ANA s\u00e1bado el vacunatorio NO TRABAJA, reanuda el lunes. Pero los convocados para el 11\/12 pueden asistir hoy.<\/p>\n","protected":false},"excerpt":{"rendered":"<p>El vacunatorio del Sal\u00f3n Parroquial funciona de lunes a viernes de 8:00 a 15:00 horas. De acuerdo a las ultimas&hellip;<\/p>\n","protected":false},"author":3,"featured_media":13603,"comment_status":"closed","ping_status":"open","sticky":false,"template":"","format":"standard","meta":{"footnotes":""},"categories":[9],"tags":[66,67,836,1268,1149,1108,1152,1102,1177,572,706,1266,790,1219],"class_list":["post-14088","post","type-post","status-publish","format-standard","has-post-thumbnail","hentry","category-infosalud","tag-arroyito","tag-arroyito-cordoba","tag-arroyito-online","tag-astrazeneca","tag-centro-de-emergencias-de-arroyito","tag-coronavirus","tag-covid-19","tag-gobierno-municipal","tag-hospital-municipal-carlos-j-rodriguez","tag-noticias-de-arroyito-y-zona","tag-salud","tag-sinopharm","tag-vacunacion","tag-vacunacion-covid-19"],"_links":{"self":[{"href":"https:\/\/arroyitoonline.com.ar\/index.php?rest_route=\/wp\/v2\/posts\/14088","targetHints":{"allow":["GET"]}}],"collection":[{"href":"https:\/\/arroyitoonline.com.ar\/index.php?rest_route=\/wp\/v2\/posts"}],"about":[{"href":"https:\/\/arroyitoonline.com.ar\/index.php?rest_route=\/wp\/v2\/types\/post"}],"author":[{"embeddable":true,"href":"https:\/\/arroyitoonline.com.ar\/index.php?rest_route=\/wp\/v2\/users\/3"}],"replies":[{"embeddable":true,"href":"https:\/\/arroyitoonline.com.ar\/index.php?rest_route=%2Fwp%2Fv2%2Fcomments&post=14088"}],"version-history":[{"count":1,"href":"https:\/\/arroyitoonline.com.ar\/index.php?rest_route=\/wp\/v2\/posts\/14088\/revisions"}],"predecessor-version":[{"id":14089,"href":"https:\/\/arroyitoonline.com.ar\/index.php?rest_route=\/wp\/v2\/posts\/14088\/revisions\/14089"}],"wp:featuredmedia":[{"embeddable":true,"href":"https:\/\/arroyitoonline.com.ar\/index.php?rest_route=\/wp\/v2\/media\/13603"}],"wp:attachment":[{"href":"https:\/\/arroyitoonline.com.ar\/index.php?rest_route=%2Fwp%2Fv2%2Fmedia&parent=14088"}],"wp:term":[{"taxonomy":"category","embeddable":true,"href":"https:\/\/arroyitoonline.com.ar\/index.php?rest_route=%2Fwp%2Fv2%2Fcategories&post=14088"},{"taxonomy":"post_tag","embeddable":true,"href":"https:\/\/arroyitoonline.com.ar\/index.php?rest_route=%2Fwp%2Fv2%2Ftags&post=14088"}],"curies":[{"name":"wp","href":"https:\/\/api.w.org\/{rel}","templated":true}]}}