{"id":14094,"date":"2021-12-12T18:19:22","date_gmt":"2021-12-12T18:19:22","guid":{"rendered":"https:\/\/arroyitoonline.com.ar\/?p=14094"},"modified":"2021-12-12T18:19:47","modified_gmt":"2021-12-12T18:19:47","slug":"morteros-fallecio-el-cura-jorge-trucco-antecesor-como-parroco-de-padre-gabriel-camusso","status":"publish","type":"post","link":"https:\/\/arroyitoonline.com.ar\/?p=14094","title":{"rendered":"Morteros: falleci\u00f3 el cura Jorge Trucco, antecesor como p\u00e1rroco de padre Gabriel Camusso"},"content":{"rendered":"\n<p><strong>Ejerci\u00f3 15 a\u00f1os en Morteros y hab\u00eda sido designado como titular de las parroquias Perpetuo Socorro y San Jos\u00e9 Obrero de San Francisco.<\/strong><\/p>\n\n\n\n<p>Hace unas horas, el obispo de la Di\u00f3cesis de San Francisco, monse\u00f1or Sergio Buenanueva, emiti\u00f3 un comunicado informando el <em>\u201csorpresivo fallecimiento\u201d<\/em> del saliente cura P\u00e1rroco de la localidad de Morteros, presb\u00edtero Jorge F. Trucco. Anoche, padre Gabriel Camusso \u2013tras 23 a\u00f1os ejerciendo la misma funci\u00f3n en Arroyito- lo hab\u00eda relevado en el cargo a trav\u00e9s de una celebraci\u00f3n religiosa.<\/p>\n\n\n\n<p>Fue el propio Camusso quien esta madrugada encontr\u00f3 muerto a su antecesor, v\u00edctima de un infarto masivo, tal como lo inform\u00f3 el sacerdote Sergio Fern\u00e1ndez, en un audio enviado a la prensa.<\/p>\n\n\n\n<p>Por este motivo, Fern\u00e1ndez avis\u00f3 que quedaron suspendidas en Arroyito la misa, toma de posesi\u00f3n y todas las actividades programadas para hoy, en el marco de su asunci\u00f3n como nuevo P\u00e1rroco de nuestra ciudad.<\/p>\n\n\n\n<figure class=\"wp-block-embed-instagram aligncenter wp-block-embed is-type-rich is-provider-instagram\"><div class=\"wp-block-embed__wrapper\">\nhttps:\/\/www.instagram.com\/p\/CXZG0auvKei\/?utm_source=ig_web_copy_link\n<\/div><\/figure>\n\n\n\n<p>El padre Sergio tambi\u00e9n pidi\u00f3 la oraci\u00f3n desde nuestros hogares <em>\u201cacompa\u00f1ando a nuestra Di\u00f3cesis, a todos los curas y a las comunidades a las que iba a estar destinado el padre Jorge\u201d<\/em>.<\/p>\n\n\n\n<p>Recordemos que el religioso Jorge Trucco, tras ejercer durante 15 a\u00f1os en Morteros, hab\u00eda sido designado como nuevo titular de las parroquias Perpetuo Socorro y San Jos\u00e9 Obrero de la ciudad de San Francisco.<\/p>\n\n\n\n<p>Foto: Televisora Morteros.<\/p>\n","protected":false},"excerpt":{"rendered":"<p>Ejerci\u00f3 15 a\u00f1os en Morteros y hab\u00eda sido designado como titular de las parroquias Perpetuo Socorro y San Jos\u00e9 Obrero&hellip;<\/p>\n","protected":false},"author":3,"featured_media":14096,"comment_status":"closed","ping_status":"open","sticky":false,"template":"","format":"standard","meta":{"footnotes":""},"categories":[935],"tags":[66,67,836,261,1280,431,432,545,548,572],"class_list":["post-14094","post","type-post","status-publish","format-standard","has-post-thumbnail","hentry","category-religion","tag-arroyito","tag-arroyito-cordoba","tag-arroyito-online","tag-cura","tag-gabriel-camusso","tag-iglesia","tag-iglesia-catolica","tag-morteros","tag-muerte","tag-noticias-de-arroyito-y-zona"],"_links":{"self":[{"href":"https:\/\/arroyitoonline.com.ar\/index.php?rest_route=\/wp\/v2\/posts\/14094","targetHints":{"allow":["GET"]}}],"collection":[{"href":"https:\/\/arroyitoonline.com.ar\/index.php?rest_route=\/wp\/v2\/posts"}],"about":[{"href":"https:\/\/arroyitoonline.com.ar\/index.php?rest_route=\/wp\/v2\/types\/post"}],"author":[{"embeddable":true,"href":"https:\/\/arroyitoonline.com.ar\/index.php?rest_route=\/wp\/v2\/users\/3"}],"replies":[{"embeddable":true,"href":"https:\/\/arroyitoonline.com.ar\/index.php?rest_route=%2Fwp%2Fv2%2Fcomments&post=14094"}],"version-history":[{"count":2,"href":"https:\/\/arroyitoonline.com.ar\/index.php?rest_route=\/wp\/v2\/posts\/14094\/revisions"}],"predecessor-version":[{"id":14098,"href":"https:\/\/arroyitoonline.com.ar\/index.php?rest_route=\/wp\/v2\/posts\/14094\/revisions\/14098"}],"wp:featuredmedia":[{"embeddable":true,"href":"https:\/\/arroyitoonline.com.ar\/index.php?rest_route=\/wp\/v2\/media\/14096"}],"wp:attachment":[{"href":"https:\/\/arroyitoonline.com.ar\/index.php?rest_route=%2Fwp%2Fv2%2Fmedia&parent=14094"}],"wp:term":[{"taxonomy":"category","embeddable":true,"href":"https:\/\/arroyitoonline.com.ar\/index.php?rest_route=%2Fwp%2Fv2%2Fcategories&post=14094"},{"taxonomy":"post_tag","embeddable":true,"href":"https:\/\/arroyitoonline.com.ar\/index.php?rest_route=%2Fwp%2Fv2%2Ftags&post=14094"}],"curies":[{"name":"wp","href":"https:\/\/api.w.org\/{rel}","templated":true}]}}