{"id":14104,"date":"2021-12-17T14:22:52","date_gmt":"2021-12-17T14:22:52","guid":{"rendered":"https:\/\/arroyitoonline.com.ar\/?p=14104"},"modified":"2021-12-17T14:22:54","modified_gmt":"2021-12-17T14:22:54","slug":"la-curva-pusieron-en-valor-y-ampliaron-los-servicios-medicos-de-la-posta-de-salud","status":"publish","type":"post","link":"https:\/\/arroyitoonline.com.ar\/?p=14104","title":{"rendered":"La Curva: pusieron en valor y ampliaron los servicios m\u00e9dicos de la Posta de Salud"},"content":{"rendered":"\n<p><strong>El Municipio reform\u00f3 e hizo un mantenimiento general del edificio y conect\u00f3 el centro de salud con el hospital central. <\/strong><\/p>\n\n\n\n<p>El mi\u00e9rcoles 15 de diciembre, el intendente Gustavo Benedetti dej\u00f3 inaugurada la refuncionalizaci\u00f3n de la Posta Sanitaria Dr. Ra\u00fal Teodoro Zaya del paraje La Curva. Desde que asumi\u00f3, esta gesti\u00f3n trabaja para la puesta en valor la salud p\u00fablica de la ciudad.<\/p>\n\n\n\n<p>El Municipio reform\u00f3 e hizo un mantenimiento general del edificio, puso conectividad para estar en red con el hospital central, equip\u00f3 la posta con instrumental nuevo y realiz\u00f3 un cerco donde queda contenido el centro de salud aportando seguridad al espacio.<\/p>\n\n\n\n<p>En este marco, el director Administrativo del Hospital Municipal Carlos J. Rodr\u00edguez, Adri\u00e1n Carnevale, detall\u00f3 toda la inversi\u00f3n en lo edilicio, destac\u00f3 que los vecinos del paraje comentaban que desde el a\u00f1o 1997 no se hac\u00eda una mejora como la realizada por la gesti\u00f3n de Benedetti.<\/p>\n\n\n\n<figure class=\"wp-block-image size-large\"><img loading=\"lazy\" decoding=\"async\" width=\"1024\" height=\"682\" src=\"https:\/\/arroyitoonline.com.ar\/wp-content\/uploads\/2021\/12\/posta-de-salud-la-curva.jpg\" alt=\"\" class=\"wp-image-14106\" srcset=\"https:\/\/arroyitoonline.com.ar\/wp-content\/uploads\/2021\/12\/posta-de-salud-la-curva.jpg 1024w, https:\/\/arroyitoonline.com.ar\/wp-content\/uploads\/2021\/12\/posta-de-salud-la-curva-300x200.jpg 300w, https:\/\/arroyitoonline.com.ar\/wp-content\/uploads\/2021\/12\/posta-de-salud-la-curva-768x512.jpg 768w\" sizes=\"auto, (max-width: 1024px) 100vw, 1024px\" \/><figcaption><em>Despu\u00e9s de muchos a\u00f1os, pusieron en valor la Posta de Salud Dr. Ra\u00fal Teodoro Zaya del paraje La Curva.<\/em><\/figcaption><\/figure>\n\n\n\n<p>Por su parte, la coordinadora de Postas Dra. S\u00e1nchez coment\u00f3 que tambi\u00e9n se sumaron servicios m\u00e9dicos: Dr. Urqu\u00eda (Generalista), Dra. V\u00edtale (Terapista cl\u00ednica), Dr. Costilla (Pediatra), Lic. Ju\u00e1rez (Nutricionista), Lic. Becerra (Psic\u00f3loga), Lic. Luque (Fonoaudi\u00f3loga), Andrea Lucero (enfermera) y Mar\u00eda Elena Chiavodano (administrativa). Adem\u00e1s, explic\u00f3 que esta posta ha trabajado en red en jornadas de conciencia sobre diabetes, hipertensi\u00f3n, violencia de g\u00e9nero y adicciones junto a la RAC. Tambi\u00e9n se realizaron los testeos gratuitos de HIV y S\u00edfilis.<\/p>\n\n\n\n<p>A su tiempo, el intendente agradeci\u00f3 el trabajo de todos los involucrados para la puesta en condiciones esta posta que, por muchos a\u00f1os estuvo olvidada, pero sobre todo remarc\u00f3 que lo que se le pidi\u00f3 a la direcci\u00f3n del hospital es que los vecinos de la curva tuvieran m\u00e1s prestaciones m\u00e9dicas.<\/p>\n\n\n\n<p>Por \u00faltimo, en el acto se reconoci\u00f3 el trabajo del personal de la posta: enfermera Arrieta, que trabajo durante 24 a\u00f1os en la salud de este paraje, y Sr. Ju\u00e1rez, quien don\u00f3 el terreno para el emplazamiento de este centro de salud.<\/p>\n","protected":false},"excerpt":{"rendered":"<p>El Municipio reform\u00f3 e hizo un mantenimiento general del edificio y conect\u00f3 el centro de salud con el hospital central.&hellip;<\/p>\n","protected":false},"author":3,"featured_media":14105,"comment_status":"closed","ping_status":"open","sticky":false,"template":"","format":"standard","meta":{"footnotes":""},"categories":[9],"tags":[66,67,836,426,1177,483,572,1073,706],"class_list":["post-14104","post","type-post","status-publish","format-standard","has-post-thumbnail","hentry","category-infosalud","tag-arroyito","tag-arroyito-cordoba","tag-arroyito-online","tag-hospital","tag-hospital-municipal-carlos-j-rodriguez","tag-la-curva","tag-noticias-de-arroyito-y-zona","tag-posta-sanitaria-dr-raul-zaya-la-curva","tag-salud"],"_links":{"self":[{"href":"https:\/\/arroyitoonline.com.ar\/index.php?rest_route=\/wp\/v2\/posts\/14104","targetHints":{"allow":["GET"]}}],"collection":[{"href":"https:\/\/arroyitoonline.com.ar\/index.php?rest_route=\/wp\/v2\/posts"}],"about":[{"href":"https:\/\/arroyitoonline.com.ar\/index.php?rest_route=\/wp\/v2\/types\/post"}],"author":[{"embeddable":true,"href":"https:\/\/arroyitoonline.com.ar\/index.php?rest_route=\/wp\/v2\/users\/3"}],"replies":[{"embeddable":true,"href":"https:\/\/arroyitoonline.com.ar\/index.php?rest_route=%2Fwp%2Fv2%2Fcomments&post=14104"}],"version-history":[{"count":1,"href":"https:\/\/arroyitoonline.com.ar\/index.php?rest_route=\/wp\/v2\/posts\/14104\/revisions"}],"predecessor-version":[{"id":14107,"href":"https:\/\/arroyitoonline.com.ar\/index.php?rest_route=\/wp\/v2\/posts\/14104\/revisions\/14107"}],"wp:featuredmedia":[{"embeddable":true,"href":"https:\/\/arroyitoonline.com.ar\/index.php?rest_route=\/wp\/v2\/media\/14105"}],"wp:attachment":[{"href":"https:\/\/arroyitoonline.com.ar\/index.php?rest_route=%2Fwp%2Fv2%2Fmedia&parent=14104"}],"wp:term":[{"taxonomy":"category","embeddable":true,"href":"https:\/\/arroyitoonline.com.ar\/index.php?rest_route=%2Fwp%2Fv2%2Fcategories&post=14104"},{"taxonomy":"post_tag","embeddable":true,"href":"https:\/\/arroyitoonline.com.ar\/index.php?rest_route=%2Fwp%2Fv2%2Ftags&post=14104"}],"curies":[{"name":"wp","href":"https:\/\/api.w.org\/{rel}","templated":true}]}}