{"id":14135,"date":"2021-12-22T15:28:40","date_gmt":"2021-12-22T15:28:40","guid":{"rendered":"https:\/\/arroyitoonline.com.ar\/?p=14135"},"modified":"2021-12-22T15:28:41","modified_gmt":"2021-12-22T15:28:41","slug":"video-rompieron-la-luneta-de-un-auto-estacionado","status":"publish","type":"post","link":"https:\/\/arroyitoonline.com.ar\/?p=14135","title":{"rendered":"Video: rompieron la luneta de un auto estacionado"},"content":{"rendered":"\n<p><strong>El hecho qued\u00f3 registrado en un video que se viraliz\u00f3 y luego fue informado por la Polic\u00eda local.<\/strong><\/p>\n\n\n\n<p>El s\u00e1bado 18 a las 7:50 horas, solicitaron la presencia policial en la intersecci\u00f3n de Domingo Ciencia y Jos\u00e9 A. Vocos. En el lugar, uniformados entrevistaron a un joven de 19 a\u00f1os, quien manifest\u00f3 que autores ignorados le ocasionaron la rotura de la luneta de su autom\u00f3vil Volkswagen Fox de color gris, el cual se encontraba estacionado en ese sector.<\/p>\n\n\n\n<figure class=\"wp-block-video aligncenter\"><video height=\"852\" style=\"aspect-ratio: 480 \/ 852;\" width=\"480\" controls src=\"https:\/\/arroyitoonline.com.ar\/wp-content\/uploads\/2021\/12\/rompen-luneta-de-un-auto-estacionado.mp4\"><\/video><figcaption><em>El video del momento del hecho se viraliz\u00f3<\/em><\/figcaption><\/figure>\n\n\n\n<p>A continuaci\u00f3n, se iniciaron las actuaciones sumariales en Unidad Judicial local, con conocimiento e intervenci\u00f3n de Fiscal\u00eda de Instrucci\u00f3n de Arroyito.<\/p>\n\n\n\n<p>Fuente: informe del subcomisario Gaspar Baz\u00e1n | Jefe de la Comisar\u00eda de Distrito Arroyito.<\/p>\n\n\n\n<p>Video gentileza Radio Cooperativa.<\/p>\n","protected":false},"excerpt":{"rendered":"<p>El hecho qued\u00f3 registrado en un video que se viraliz\u00f3 y luego fue informado por la Polic\u00eda local. El s\u00e1bado&hellip;<\/p>\n","protected":false},"author":3,"featured_media":14137,"comment_status":"closed","ping_status":"open","sticky":false,"template":"","format":"standard","meta":{"footnotes":""},"categories":[824],"tags":[66,67,836,266,572,635,637,638,825],"class_list":["post-14135","post","type-post","status-publish","format-standard","has-post-thumbnail","hentry","category-policiales-online","tag-arroyito","tag-arroyito-cordoba","tag-arroyito-online","tag-danos","tag-noticias-de-arroyito-y-zona","tag-policia","tag-policiales","tag-policiales-arroyito","tag-policiales-online"],"_links":{"self":[{"href":"https:\/\/arroyitoonline.com.ar\/index.php?rest_route=\/wp\/v2\/posts\/14135","targetHints":{"allow":["GET"]}}],"collection":[{"href":"https:\/\/arroyitoonline.com.ar\/index.php?rest_route=\/wp\/v2\/posts"}],"about":[{"href":"https:\/\/arroyitoonline.com.ar\/index.php?rest_route=\/wp\/v2\/types\/post"}],"author":[{"embeddable":true,"href":"https:\/\/arroyitoonline.com.ar\/index.php?rest_route=\/wp\/v2\/users\/3"}],"replies":[{"embeddable":true,"href":"https:\/\/arroyitoonline.com.ar\/index.php?rest_route=%2Fwp%2Fv2%2Fcomments&post=14135"}],"version-history":[{"count":1,"href":"https:\/\/arroyitoonline.com.ar\/index.php?rest_route=\/wp\/v2\/posts\/14135\/revisions"}],"predecessor-version":[{"id":14138,"href":"https:\/\/arroyitoonline.com.ar\/index.php?rest_route=\/wp\/v2\/posts\/14135\/revisions\/14138"}],"wp:featuredmedia":[{"embeddable":true,"href":"https:\/\/arroyitoonline.com.ar\/index.php?rest_route=\/wp\/v2\/media\/14137"}],"wp:attachment":[{"href":"https:\/\/arroyitoonline.com.ar\/index.php?rest_route=%2Fwp%2Fv2%2Fmedia&parent=14135"}],"wp:term":[{"taxonomy":"category","embeddable":true,"href":"https:\/\/arroyitoonline.com.ar\/index.php?rest_route=%2Fwp%2Fv2%2Fcategories&post=14135"},{"taxonomy":"post_tag","embeddable":true,"href":"https:\/\/arroyitoonline.com.ar\/index.php?rest_route=%2Fwp%2Fv2%2Ftags&post=14135"}],"curies":[{"name":"wp","href":"https:\/\/api.w.org\/{rel}","templated":true}]}}