{"id":14141,"date":"2021-12-24T14:33:22","date_gmt":"2021-12-24T14:33:22","guid":{"rendered":"https:\/\/arroyitoonline.com.ar\/?p=14141"},"modified":"2021-12-24T14:33:24","modified_gmt":"2021-12-24T14:33:24","slug":"concesionario-de-la-costanera-joven-hablo-sobre-el-cerramiento-que-preocupa-a-vecinos","status":"publish","type":"post","link":"https:\/\/arroyitoonline.com.ar\/?p=14141","title":{"rendered":"Concesionario de la Costanera Joven habl\u00f3 sobre el cerramiento que preocupa a vecinos"},"content":{"rendered":"\n<p><strong>El emprendedor dijo que el lugar se cierra solo para las Fiestas y que, <em>&#8220;el 2 de enero, todo vuelve a ser de libre circulaci\u00f3n&#8221;<\/em>. <\/strong><\/p>\n\n\n\n<p>D\u00edas pasados comenzaron a circular im\u00e1genes en las redes sociales, que mostraban el cerramiento con placas de chapa de un sector de la Costanera Joven, que fue concesionado por privados, a trav\u00e9s de una licitaci\u00f3n p\u00fablica. <\/p>\n\n\n\n<p>En este marco, vecinos manifestaron su preocupaci\u00f3n por la imposibilidad de circular por ese lugar ya que, seg\u00fan promet\u00eda la convocatoria del concurso p\u00fablico, <em>&#8220;todas las propuestas deber\u00e1n garantizar el acceso p\u00fablico a la costa, la protecci\u00f3n del ecosistema, la conectividad y el uso p\u00fablico de la zona&#8221;<\/em>.<\/p>\n\n\n\n<p>Sobre el tema, habl\u00f3 Mayco Peralta, uno de los concesionarios del \u00e1rea en cuesti\u00f3n.<em> &#8220;A la gente que no se asuste, que esto es provisorio. A partir del 2 de enero no queda nada de esto y vuelve a ser todo de libre circulaci\u00f3n. Un espacio que va a crecer con el tiempo, que va a ser progresivo, por las dificultades que tuvimos que encontrar, el clima que nos ha demorado, cosas que nos fueron apareciendo en el andar&#8221;<\/em>, dijo el emprendedor a Canal 3, llevando tranquilidad sobre el cerramiento colocado. <\/p>\n\n\n\n<p>Adem\u00e1s, Peralta agreg\u00f3 que <em>&#8220;nos dieron un espacio completamente vac\u00edo y, en este espacio, tuvimos que desarrollar un proyecto, plasmar una idea y comenzar a trabajar&#8221;<\/em>. <\/p>\n\n\n\n<p>Por su parte, coment\u00f3 que <em>&#8220;De las estructuras permanentes que se est\u00e1n construyendo, la m\u00e1s peque\u00f1a va a ser un quiosco proveedur\u00eda para atenci\u00f3n de la gente de lo que necesite ofreciendo carb\u00f3n, pan, bebidas y dem\u00e1s. Y la otra va a ser un parador, con comidas, tragos, atenci\u00f3n a la playa y, de noche, eventos. La gente lo va a disfrutar al m\u00e1ximo cuando estemos completos, listos para arrancar&#8221;<\/em>.<\/p>\n\n\n\n<p><em>&#8220;Para las noches del 24 y 31 tenemos preparado el predio de una forma incre\u00edble, con sonido, pantallas, luces. Un VIP para mayores de 21, pista electr\u00f3nica y ofertas para todos los gustos. Esto va a ser solo para las Fiestas venideras. El verano va a ser de libre acceso para toda la gente&#8221;<\/em>, ratific\u00f3 Mayco Peralta, sobre el futuro de la Costanera Joven.<\/p>\n\n\n\n<p>Fuente y captura de portada: Canal 3.<\/p>\n","protected":false},"excerpt":{"rendered":"<p>El emprendedor dijo que el lugar se cierra solo para las Fiestas y que, &#8220;el 2 de enero, todo vuelve&hellip;<\/p>\n","protected":false},"author":3,"featured_media":14142,"comment_status":"closed","ping_status":"open","sticky":false,"template":"","format":"standard","meta":{"footnotes":""},"categories":[826],"tags":[66,67,836,95,125,229,1069,1102,875,495,572],"class_list":["post-14141","post","type-post","status-publish","format-standard","has-post-thumbnail","hentry","category-espectaculos-online","tag-arroyito","tag-arroyito-cordoba","tag-arroyito-online","tag-balneario","tag-boliches","tag-concurso-de-precios","tag-costanera","tag-gobierno-municipal","tag-jovenes-2","tag-licitacion","tag-noticias-de-arroyito-y-zona"],"_links":{"self":[{"href":"https:\/\/arroyitoonline.com.ar\/index.php?rest_route=\/wp\/v2\/posts\/14141","targetHints":{"allow":["GET"]}}],"collection":[{"href":"https:\/\/arroyitoonline.com.ar\/index.php?rest_route=\/wp\/v2\/posts"}],"about":[{"href":"https:\/\/arroyitoonline.com.ar\/index.php?rest_route=\/wp\/v2\/types\/post"}],"author":[{"embeddable":true,"href":"https:\/\/arroyitoonline.com.ar\/index.php?rest_route=\/wp\/v2\/users\/3"}],"replies":[{"embeddable":true,"href":"https:\/\/arroyitoonline.com.ar\/index.php?rest_route=%2Fwp%2Fv2%2Fcomments&post=14141"}],"version-history":[{"count":1,"href":"https:\/\/arroyitoonline.com.ar\/index.php?rest_route=\/wp\/v2\/posts\/14141\/revisions"}],"predecessor-version":[{"id":14143,"href":"https:\/\/arroyitoonline.com.ar\/index.php?rest_route=\/wp\/v2\/posts\/14141\/revisions\/14143"}],"wp:featuredmedia":[{"embeddable":true,"href":"https:\/\/arroyitoonline.com.ar\/index.php?rest_route=\/wp\/v2\/media\/14142"}],"wp:attachment":[{"href":"https:\/\/arroyitoonline.com.ar\/index.php?rest_route=%2Fwp%2Fv2%2Fmedia&parent=14141"}],"wp:term":[{"taxonomy":"category","embeddable":true,"href":"https:\/\/arroyitoonline.com.ar\/index.php?rest_route=%2Fwp%2Fv2%2Fcategories&post=14141"},{"taxonomy":"post_tag","embeddable":true,"href":"https:\/\/arroyitoonline.com.ar\/index.php?rest_route=%2Fwp%2Fv2%2Ftags&post=14141"}],"curies":[{"name":"wp","href":"https:\/\/api.w.org\/{rel}","templated":true}]}}