{"id":14145,"date":"2021-12-24T18:05:07","date_gmt":"2021-12-24T18:05:07","guid":{"rendered":"https:\/\/arroyitoonline.com.ar\/?p=14145"},"modified":"2021-12-24T18:10:34","modified_gmt":"2021-12-24T18:10:34","slug":"fallecio-la-mujer-de-arroyito-involucrada-en-el-accidente-ocurrido-en-la-francia","status":"publish","type":"post","link":"https:\/\/arroyitoonline.com.ar\/?p=14145","title":{"rendered":"Falleci\u00f3 la mujer de Arroyito involucrada en el accidente ocurrido en La Francia"},"content":{"rendered":"\n<p><strong>Se trata de Laura Esther Funes (57), quien muri\u00f3 horas despu\u00e9s del siniestro, como consecuencia de las heridas sufridas. <\/strong><\/p>\n\n\n\n<p>A la 1:30 de la madrugada de ayer jueves 23, sobre la ruta 19 a la altura de La Francia, se produjo un siniestro vial que dej\u00f3 como saldo la muerte de <strong>Fabiana Andrea Gigliotti&nbsp;<\/strong>(50) oriunda de la Santa Fe Capital.<\/p>\n\n\n\n<p><strong>Como consecuencia del accidente, en el que participaron tres veh\u00edculos<\/strong>,<strong> <\/strong>atendieron en el Hospital Municipal Carlos J. Rodr\u00edguez al matrimonio local compuesto por <strong>Juan Osvaldo \u00c1vila (57) y su esposa Laura Esther Funes (57<\/strong>). Luego, tanto el hombre como la mujer fueron trasladados a la ciudad de Villa Mar\u00eda. <\/p>\n\n\n\n<p>Durante todo el d\u00eda, en las redes sociales de familiares, amigos y allegados<strong>&nbsp;solicitaban cadenas de oraci\u00f3n por la salud de los accidentados.<\/strong><\/p>\n\n\n\n<p>Lamentablemente, en las \u00faltimas horas de ayer, a causa de las heridas sufridas, falleci\u00f3 Laura Esther Funes. Por su parte, Juan Osvaldo \u00c1vila -miembro del Fotoclub Arroyito- aunque contin\u00faa hospitalizado, se encuentra estable y en sala com\u00fan. <\/p>\n\n\n\n<p><strong>El accidente<\/strong><\/p>\n\n\n\n<p>Tres veh\u00edculos estuvieron involucrados en el accidente ocurrido sobre la ruta 19, a la altura de la localidad de La Francia. En primer t\u00e9rmino, un<strong>&nbsp;Volkswagen Gol Trend Gris conducido por Santiago Lucio Gigliotti (48)<\/strong>&nbsp;acompa\u00f1ado por&nbsp;<strong>Fabiana Andrea Gigliotti (50) y Soledad D\u00edaz (73),<\/strong>&nbsp;todos con domicilio en la ciudad de Santa Fe Capital.<\/p>\n\n\n\n<div class=\"wp-block-image\"><figure class=\"aligncenter size-large\"><img loading=\"lazy\" decoding=\"async\" width=\"982\" height=\"551\" src=\"https:\/\/arroyitoonline.com.ar\/wp-content\/uploads\/2021\/12\/accidente-la-francia.jpg\" alt=\"\" class=\"wp-image-14146\" srcset=\"https:\/\/arroyitoonline.com.ar\/wp-content\/uploads\/2021\/12\/accidente-la-francia.jpg 982w, https:\/\/arroyitoonline.com.ar\/wp-content\/uploads\/2021\/12\/accidente-la-francia-300x168.jpg 300w, https:\/\/arroyitoonline.com.ar\/wp-content\/uploads\/2021\/12\/accidente-la-francia-768x431.jpg 768w\" sizes=\"auto, (max-width: 982px) 100vw, 982px\" \/><figcaption><em>Uno de los veh\u00edculos involucrados en el siniestro.<\/em><\/figcaption><\/figure><\/div>\n\n\n\n<p>Este \u00faltimo impact\u00f3 con un <strong>Renault Logan<\/strong>&nbsp;guiado por&nbsp;<strong>Juan Osvaldo \u00c1vila (57)<\/strong>, que iba en compa\u00f1\u00eda de&nbsp;<strong>Laura Esther Funes (57)<\/strong>, ambos domiciliados en Arroyito.<\/p>\n\n\n\n<p>Por \u00faltimo, tambi\u00e9n particip\u00f3 un Gold Trend rojo conducido por&nbsp;<strong>Jorge Osvaldo Cufr\u00e9 (65) junto a Isabel Alejandra Rom\u00e1n (65)<\/strong>, los dos de la localidad de Biallet Mass\u00e9.<\/p>\n\n\n\n<div class=\"wp-block-image\"><figure class=\"aligncenter size-large\"><img loading=\"lazy\" decoding=\"async\" width=\"982\" height=\"808\" src=\"https:\/\/arroyitoonline.com.ar\/wp-content\/uploads\/2021\/12\/choque-la-francia.jpg\" alt=\"\" class=\"wp-image-14147\" srcset=\"https:\/\/arroyitoonline.com.ar\/wp-content\/uploads\/2021\/12\/choque-la-francia.jpg 982w, https:\/\/arroyitoonline.com.ar\/wp-content\/uploads\/2021\/12\/choque-la-francia-300x247.jpg 300w, https:\/\/arroyitoonline.com.ar\/wp-content\/uploads\/2021\/12\/choque-la-francia-768x632.jpg 768w\" sizes=\"auto, (max-width: 982px) 100vw, 982px\" \/><figcaption><em>El Gol Trend que tambi\u00e9n particip\u00f3 del siniestro.<\/em><\/figcaption><\/figure><\/div>\n\n\n\n<p>Cuando lleg\u00f3 el <strong>Servicio de Emergencias constat\u00f3 el deceso de Fabiana Andrea Gigliotti de 50 a\u00f1os<\/strong>. Luego, trasladaron al resto de los ocupantes, con lesiones de diversa consideraci\u00f3n, a los hospitales de la zona.<\/p>\n\n\n\n<p>Trabajaron en el lugar, personal de Polic\u00eda Caminera, de la Comisar\u00eda de La Francia y Bomberos Voluntarios.&nbsp;<strong>Intervino la fiscal\u00eda de Delitos Complejos de San Francisco.<\/strong><\/p>\n\n\n\n<p>Fuente y fotos del accidente: V\u00eda Arroyito.<\/p>\n\n\n\n<p>Foto de portada: Luis Arias. <\/p>\n","protected":false},"excerpt":{"rendered":"<p>Se trata de Laura Esther Funes (57), quien muri\u00f3 horas despu\u00e9s del siniestro, como consecuencia de las heridas sufridas. A&hellip;<\/p>\n","protected":false},"author":3,"featured_media":14149,"comment_status":"closed","ping_status":"open","sticky":false,"template":"","format":"standard","meta":{"footnotes":""},"categories":[824],"tags":[22,66,67,836,485,548,572,635,637,638,825,698,701,737],"class_list":["post-14145","post","type-post","status-publish","format-standard","has-post-thumbnail","hentry","category-policiales-online","tag-accidente","tag-arroyito","tag-arroyito-cordoba","tag-arroyito-online","tag-la-francia","tag-muerte","tag-noticias-de-arroyito-y-zona","tag-policia","tag-policiales","tag-policiales-arroyito","tag-policiales-online","tag-ruta-19","tag-ruta-nacional-n-19","tag-siniestro-vial"],"_links":{"self":[{"href":"https:\/\/arroyitoonline.com.ar\/index.php?rest_route=\/wp\/v2\/posts\/14145","targetHints":{"allow":["GET"]}}],"collection":[{"href":"https:\/\/arroyitoonline.com.ar\/index.php?rest_route=\/wp\/v2\/posts"}],"about":[{"href":"https:\/\/arroyitoonline.com.ar\/index.php?rest_route=\/wp\/v2\/types\/post"}],"author":[{"embeddable":true,"href":"https:\/\/arroyitoonline.com.ar\/index.php?rest_route=\/wp\/v2\/users\/3"}],"replies":[{"embeddable":true,"href":"https:\/\/arroyitoonline.com.ar\/index.php?rest_route=%2Fwp%2Fv2%2Fcomments&post=14145"}],"version-history":[{"count":3,"href":"https:\/\/arroyitoonline.com.ar\/index.php?rest_route=\/wp\/v2\/posts\/14145\/revisions"}],"predecessor-version":[{"id":14151,"href":"https:\/\/arroyitoonline.com.ar\/index.php?rest_route=\/wp\/v2\/posts\/14145\/revisions\/14151"}],"wp:featuredmedia":[{"embeddable":true,"href":"https:\/\/arroyitoonline.com.ar\/index.php?rest_route=\/wp\/v2\/media\/14149"}],"wp:attachment":[{"href":"https:\/\/arroyitoonline.com.ar\/index.php?rest_route=%2Fwp%2Fv2%2Fmedia&parent=14145"}],"wp:term":[{"taxonomy":"category","embeddable":true,"href":"https:\/\/arroyitoonline.com.ar\/index.php?rest_route=%2Fwp%2Fv2%2Fcategories&post=14145"},{"taxonomy":"post_tag","embeddable":true,"href":"https:\/\/arroyitoonline.com.ar\/index.php?rest_route=%2Fwp%2Fv2%2Ftags&post=14145"}],"curies":[{"name":"wp","href":"https:\/\/api.w.org\/{rel}","templated":true}]}}