{"id":14171,"date":"2022-01-04T15:59:58","date_gmt":"2022-01-04T15:59:58","guid":{"rendered":"https:\/\/arroyitoonline.com.ar\/?p=14171"},"modified":"2022-01-04T15:59:59","modified_gmt":"2022-01-04T15:59:59","slug":"gran-pesar-por-el-fallecimiento-del-musico-juan-carlos-niz","status":"publish","type":"post","link":"https:\/\/arroyitoonline.com.ar\/?p=14171","title":{"rendered":"Gran pesar por el fallecimiento del m\u00fasico Juan Carlos Niz"},"content":{"rendered":"\n<p><strong>Ten\u00eda 47 a\u00f1os de trayectoria en el canto popular. Aunque hab\u00eda nacido en Devoto, desde 1966 resid\u00eda en nuestra ciudad. <\/strong><\/p>\n\n\n\n<p>Hoy se conoci\u00f3 la triste noticia del fallecimiento de Juan Carlos Niz, emblem\u00e1tico m\u00fasico con 47 a\u00f1os de trayectoria en el canto popular, quien fuera integrante del popular D\u00fao Criollo Ochoa-Niz, junto al extinto Don Alejandro Ochoa (1926-2013). <\/p>\n\n\n\n<p>Niz muri\u00f3 ayer. El coautor del Vals Virgen de la Merced, que ten\u00eda 78 a\u00f1os, permanec\u00eda internado en San Francisco con una patolog\u00eda de larga data y su estado se hab\u00eda agravado en los \u00faltimos d\u00edas.<\/p>\n\n\n\n<div class=\"wp-block-image\"><figure class=\"aligncenter size-large\"><img loading=\"lazy\" decoding=\"async\" width=\"1024\" height=\"1024\" src=\"https:\/\/arroyitoonline.com.ar\/wp-content\/uploads\/2022\/01\/JUAN-CARLOS-NIZ.-03-01-2022-1024x1024.jpg\" alt=\"\" class=\"wp-image-14172\" srcset=\"https:\/\/arroyitoonline.com.ar\/wp-content\/uploads\/2022\/01\/JUAN-CARLOS-NIZ.-03-01-2022-1024x1024.jpg 1024w, https:\/\/arroyitoonline.com.ar\/wp-content\/uploads\/2022\/01\/JUAN-CARLOS-NIZ.-03-01-2022-300x300.jpg 300w, https:\/\/arroyitoonline.com.ar\/wp-content\/uploads\/2022\/01\/JUAN-CARLOS-NIZ.-03-01-2022-150x150.jpg 150w, https:\/\/arroyitoonline.com.ar\/wp-content\/uploads\/2022\/01\/JUAN-CARLOS-NIZ.-03-01-2022-768x768.jpg 768w, https:\/\/arroyitoonline.com.ar\/wp-content\/uploads\/2022\/01\/JUAN-CARLOS-NIZ.-03-01-2022.jpg 1440w\" sizes=\"auto, (max-width: 1024px) 100vw, 1024px\" \/><figcaption><em>Juan Carlos Niz integr\u00f3 el popular D\u00fao Ochoa-Niz, junto a Don Alejandro Ochoa. <\/em><\/figcaption><\/figure><\/div>\n\n\n\n<p>Por disposici\u00f3n de la familia, no se realizar\u00e1 velatorio. Sus restos mortales ser\u00e1n trasladados al Crematorio Virgen de la Merced, Toledo, Santa Mar\u00eda (C\u00f3rdoba). <\/p>\n\n\n\n<p>Juan Carlos Niz naci\u00f3 el 6 de mayo de 1943, en Devoto. Tocaba la guitarra desde los nueve a\u00f1os y, a los 17, comenz\u00f3 su camino por diversos escenarios con el conjunto folcl\u00f3rico <em>&#8220;Los Huelleros&#8221;<\/em>. M\u00e1s tarde, en 1966, buscando otros horizontes, viaj\u00f3 a Arroyito donde se radic\u00f3. Primero trabaj\u00f3 en Grupo Arcor y, despu\u00e9s, fue chofer de larga distancia. <\/p>\n\n\n\n<p>A su llegada a nuestra ciudad, en junio del \u00b4 66, <strong>conoci\u00f3 a Don Alejandro Ochoa, guitarrero y cantor como \u00e9l, resultando el nacimiento del D\u00fao Criollo Ochoa-Niz<\/strong>, con una permanencia de m\u00e1s de cuatro d\u00e9cadas defendiendo y difundiendo el canto popular.<\/p>\n\n\n\n<p><strong>Homenaje<\/strong><\/p>\n\n\n\n<p>En diciembre de 2018, el exintendente Mauricio Cravero reconoci\u00f3 los 45 a\u00f1os de trayectoria de Niz en el canto popular. Fue con un homenaje realizado en el Teatrillo Municipal Jos\u00e9 Francisco Guarch, con las actuaciones de Lalo Albarrac\u00edn, Toto Saavedra, Carolina Romero y los hermanos Ar\u00e9valo de Calch\u00edn. En esa oportunidad, tambi\u00e9n particip\u00f3 el Grupo de Teatro del Centro de Jubilados Fulvio Salvador Pagani dirigido por Ayel\u00e9n Juan.<\/p>\n\n\n\n<p>La foto de portada es gentileza de Walter Llanes.<\/p>\n","protected":false},"excerpt":{"rendered":"<p>Ten\u00eda 47 a\u00f1os de trayectoria en el canto popular. Aunque hab\u00eda nacido en Devoto, desde 1966 resid\u00eda en nuestra ciudad.&hellip;<\/p>\n","protected":false},"author":3,"featured_media":14173,"comment_status":"closed","ping_status":"open","sticky":false,"template":"","format":"standard","meta":{"footnotes":""},"categories":[900],"tags":[66,67,836,1299,548,559,572],"class_list":["post-14171","post","type-post","status-publish","format-standard","has-post-thumbnail","hentry","category-noticias","tag-arroyito","tag-arroyito-cordoba","tag-arroyito-online","tag-juan-carlos-niz","tag-muerte","tag-musica","tag-noticias-de-arroyito-y-zona"],"_links":{"self":[{"href":"https:\/\/arroyitoonline.com.ar\/index.php?rest_route=\/wp\/v2\/posts\/14171","targetHints":{"allow":["GET"]}}],"collection":[{"href":"https:\/\/arroyitoonline.com.ar\/index.php?rest_route=\/wp\/v2\/posts"}],"about":[{"href":"https:\/\/arroyitoonline.com.ar\/index.php?rest_route=\/wp\/v2\/types\/post"}],"author":[{"embeddable":true,"href":"https:\/\/arroyitoonline.com.ar\/index.php?rest_route=\/wp\/v2\/users\/3"}],"replies":[{"embeddable":true,"href":"https:\/\/arroyitoonline.com.ar\/index.php?rest_route=%2Fwp%2Fv2%2Fcomments&post=14171"}],"version-history":[{"count":1,"href":"https:\/\/arroyitoonline.com.ar\/index.php?rest_route=\/wp\/v2\/posts\/14171\/revisions"}],"predecessor-version":[{"id":14174,"href":"https:\/\/arroyitoonline.com.ar\/index.php?rest_route=\/wp\/v2\/posts\/14171\/revisions\/14174"}],"wp:featuredmedia":[{"embeddable":true,"href":"https:\/\/arroyitoonline.com.ar\/index.php?rest_route=\/wp\/v2\/media\/14173"}],"wp:attachment":[{"href":"https:\/\/arroyitoonline.com.ar\/index.php?rest_route=%2Fwp%2Fv2%2Fmedia&parent=14171"}],"wp:term":[{"taxonomy":"category","embeddable":true,"href":"https:\/\/arroyitoonline.com.ar\/index.php?rest_route=%2Fwp%2Fv2%2Fcategories&post=14171"},{"taxonomy":"post_tag","embeddable":true,"href":"https:\/\/arroyitoonline.com.ar\/index.php?rest_route=%2Fwp%2Fv2%2Ftags&post=14171"}],"curies":[{"name":"wp","href":"https:\/\/api.w.org\/{rel}","templated":true}]}}