{"id":14195,"date":"2022-01-07T15:16:33","date_gmt":"2022-01-07T15:16:33","guid":{"rendered":"https:\/\/arroyitoonline.com.ar\/?p=14195"},"modified":"2022-01-07T15:18:08","modified_gmt":"2022-01-07T15:18:08","slug":"balneario-concesionarios-deberan-sacar-las-chapas-y-alambrados-que-limitan-la-circulacion","status":"publish","type":"post","link":"https:\/\/arroyitoonline.com.ar\/?p=14195","title":{"rendered":"Balneario: concesionarios deber\u00e1n sacar las chapas y alambrados que limitan la circulaci\u00f3n"},"content":{"rendered":"\n<p><strong>El secretario de Gobierno, Jos\u00e9 Solera, confirm\u00f3 que no les permitir\u00e1n realizar ninguna <em>&#8220;actividad extraordinaria&#8221;<\/em>, hasta que no saquen los cerramientos.<\/strong><\/p>\n\n\n\n<p>Ayer, Arroyito Online se hizo eco del malestar de los vecinos por los cerramientos que limitan la circulaci\u00f3n en el Balneario Municipal, tanto en la Costanera Joven, como en el ex-Xelha; ambos concesionados por privados.<\/p>\n\n\n\n<figure class=\"wp-block-embed-wordpress aligncenter wp-block-embed is-type-wp-embed is-provider-arroyito-online\"><div class=\"wp-block-embed__wrapper\">\nhttps:\/\/arroyitoonline.com.ar\/info-online\/espectaculos-online\/balneario-vecinos-se-muestran-descontentos-por-la-permanencia-del-cerramiento-de-la-costanera-joven\/\n<\/div><figcaption><em>La nota de Arroyito Online sobre los cerramiento, gener\u00f3 las r\u00e9plicas de otros medios de comunicaci\u00f3n.<\/em><\/figcaption><\/figure>\n\n\n\n<p>En el primer caso, se trata de chapas colocadas de forma provisoria en un sector usado para eventos extraordinarios realizados las noches de Navidad y Fin de A\u00f1o. En el otro lado, hay un alambrado que es permanente. <\/p>\n\n\n\n<p>La nota de Arroyito Online fue replicada por diversos medios de comunicaci\u00f3n, donde abundaron los comentarios en contra de estos cerramientos.<\/p>\n\n\n\n<p>Esta ma\u00f1ana, en <strong><a href=\"http:\/\/cotramaa.org.ar\/\" target=\"_blank\" rel=\"noreferrer noopener\">Radio Cooperativa 91.3<\/a><\/strong>, el secretario de Gobierno, Jos\u00e9 Solera aclar\u00f3 que las chapas que cierran la zona joven <em>&#8220;ser\u00e1n retiradas hoy&#8221;<\/em> y que la demora fue a causa <em>&#8220;de que la empresa privada que coloc\u00f3 las estructuras estaba de vacaciones&#8221;<\/em>.<\/p>\n\n\n\n<p>Adem\u00e1s, el funcionario confirm\u00f3, tal como lo hab\u00eda informado ayer Arroyito Online, que se labraron actas en la noche del 31 por permitir baile dentro del espacio, lo cual estaba prohibido por el Decreto Provincial 1589. <\/p>\n\n\n\n<p><em>\u201cEllos ten\u00edan un compromiso hasta el d\u00eda 3 de sacar las chapas, lo que pasa es que la empresa que les alquil\u00f3 las estructuras estaba de vacaciones por todo el trabajo que hicieron durante las Fiestas. Hoy estar\u00edan retirando todo, seg\u00fan se comprometieron los que tienen asignada el \u00e1rea joven\u201d<\/em>, ratific\u00f3 Solera. <\/p>\n\n\n\n<p><em>\u201cNo se prev\u00e9 la figura de boliches en el r\u00edo, nunca se previ\u00f3 y ni se va a prever. Cu\u00e1ndo se dan las concesiones se estipula la posibilidad de realizar eventos puntuales y particulares durante en el a\u00f1o, siempre pensando justamente en el fin de a\u00f1o, que es cuando el r\u00edo tiene la mayor demanda. Entonces los eventos de 24 y 31 fueron realizados por la demanda de los j\u00f3venes\u201d<\/em>, coment\u00f3 el secretario.<\/p>\n\n\n\n<p>Por su parte, <em>\u201cEl otro concesionario (ex-Xelha) tambi\u00e9n tiene que realizar en su sector modificaciones. Hay un tejido que, si bien no limita la circulaci\u00f3n, visualmente no es lo que el estaba comprometido. Solamente tienen que dejar una estructura que sirva para proteger los bienes que haya ah\u00ed\u201d<\/em>, refiri\u00f3 el funcionario.<\/p>\n\n\n\n<p><em>\u201cSalv\u00f3 la apertura del comedor que est\u00e1 ah\u00ed, que est\u00e1 cumpliendo perfectamente todo, no se va habilitar ninguna actividad extraordinaria hasta que esas dos cosas no est\u00e9n solucionadas. Es decir, el retirado de las vallas en un lugar y el retirado del alambre tejido en el otro lugar\u201d<\/em>, ratific\u00f3 Solera.<\/p>\n\n\n\n<p>Fuente: Radio Cooperativa. <\/p>\n","protected":false},"excerpt":{"rendered":"<p>El secretario de Gobierno, Jos\u00e9 Solera, confirm\u00f3 que no les permitir\u00e1n realizar ninguna &#8220;actividad extraordinaria&#8221;, hasta que no saquen los&hellip;<\/p>\n","protected":false},"author":3,"featured_media":14196,"comment_status":"closed","ping_status":"open","sticky":false,"template":"","format":"standard","meta":{"footnotes":""},"categories":[826],"tags":[66,67,836,95,1108,1069,1152,1102,572,690],"class_list":["post-14195","post","type-post","status-publish","format-standard","has-post-thumbnail","hentry","category-espectaculos-online","tag-arroyito","tag-arroyito-cordoba","tag-arroyito-online","tag-balneario","tag-coronavirus","tag-costanera","tag-covid-19","tag-gobierno-municipal","tag-noticias-de-arroyito-y-zona","tag-rio-xanaes"],"_links":{"self":[{"href":"https:\/\/arroyitoonline.com.ar\/index.php?rest_route=\/wp\/v2\/posts\/14195","targetHints":{"allow":["GET"]}}],"collection":[{"href":"https:\/\/arroyitoonline.com.ar\/index.php?rest_route=\/wp\/v2\/posts"}],"about":[{"href":"https:\/\/arroyitoonline.com.ar\/index.php?rest_route=\/wp\/v2\/types\/post"}],"author":[{"embeddable":true,"href":"https:\/\/arroyitoonline.com.ar\/index.php?rest_route=\/wp\/v2\/users\/3"}],"replies":[{"embeddable":true,"href":"https:\/\/arroyitoonline.com.ar\/index.php?rest_route=%2Fwp%2Fv2%2Fcomments&post=14195"}],"version-history":[{"count":2,"href":"https:\/\/arroyitoonline.com.ar\/index.php?rest_route=\/wp\/v2\/posts\/14195\/revisions"}],"predecessor-version":[{"id":14198,"href":"https:\/\/arroyitoonline.com.ar\/index.php?rest_route=\/wp\/v2\/posts\/14195\/revisions\/14198"}],"wp:featuredmedia":[{"embeddable":true,"href":"https:\/\/arroyitoonline.com.ar\/index.php?rest_route=\/wp\/v2\/media\/14196"}],"wp:attachment":[{"href":"https:\/\/arroyitoonline.com.ar\/index.php?rest_route=%2Fwp%2Fv2%2Fmedia&parent=14195"}],"wp:term":[{"taxonomy":"category","embeddable":true,"href":"https:\/\/arroyitoonline.com.ar\/index.php?rest_route=%2Fwp%2Fv2%2Fcategories&post=14195"},{"taxonomy":"post_tag","embeddable":true,"href":"https:\/\/arroyitoonline.com.ar\/index.php?rest_route=%2Fwp%2Fv2%2Ftags&post=14195"}],"curies":[{"name":"wp","href":"https:\/\/api.w.org\/{rel}","templated":true}]}}