{"id":14200,"date":"2022-01-10T15:04:35","date_gmt":"2022-01-10T15:04:35","guid":{"rendered":"https:\/\/arroyitoonline.com.ar\/?p=14200"},"modified":"2022-01-10T15:04:37","modified_gmt":"2022-01-10T15:04:37","slug":"covid-19-esta-semana-por-la-ola-de-calor-cambian-los-horarios-del-vacunatorio","status":"publish","type":"post","link":"https:\/\/arroyitoonline.com.ar\/?p=14200","title":{"rendered":"Covid-19: esta semana, por la ola de calor, cambian los horarios del vacunatorio"},"content":{"rendered":"\n<p><strong>Adem\u00e1s, los mayores de 18 a\u00f1os, ya pueden recibir la tercera dosis sin turno, siempre que hayan pasado cuatro meses de la segunda.<\/strong><\/p>\n\n\n\n<p>Debido a la ola de calor prevista para esta semana, el \u00e1rea de Inmunizaci\u00f3n del Municipio informa que, desde ma\u00f1ana martes 11 de enero,\u00a0<strong>el vacunatorio funcionar\u00e1 de 7:00 a 12:00 y de 18:00 a 20:00 horas. <\/strong><\/p>\n\n\n\n<p>Adem\u00e1s, por disposici\u00f3n del Gobierno Provincial, a partir de hoy<strong>\u00a0lunes 10 de enero, se reduce a cuatro meses el intervalo para recibir la tercera dosis contra la Covid 19, a mayores de 18 a\u00f1os.<\/strong><\/p>\n\n\n\n<p><strong>\u00a1Vacunate!<\/strong><\/p>\n","protected":false},"excerpt":{"rendered":"<p>Adem\u00e1s, los mayores de 18 a\u00f1os, ya pueden recibir la tercera dosis sin turno, siempre que hayan pasado cuatro meses&hellip;<\/p>\n","protected":false},"author":3,"featured_media":13389,"comment_status":"closed","ping_status":"open","sticky":false,"template":"","format":"standard","meta":{"footnotes":""},"categories":[9],"tags":[66,67,836,1268,1108,1152,404,405,1102,1267,572,1287,705,706,1266,1286,790,1219],"class_list":["post-14200","post","type-post","status-publish","format-standard","has-post-thumbnail","hentry","category-infosalud","tag-arroyito","tag-arroyito-cordoba","tag-arroyito-online","tag-astrazeneca","tag-coronavirus","tag-covid-19","tag-gobierno-de-cordoba","tag-gobierno-de-la-provincia","tag-gobierno-municipal","tag-moderna","tag-noticias-de-arroyito-y-zona","tag-pfizer","tag-salon-parroquial","tag-salud","tag-sinopharm","tag-sputnik-v","tag-vacunacion","tag-vacunacion-covid-19"],"_links":{"self":[{"href":"https:\/\/arroyitoonline.com.ar\/index.php?rest_route=\/wp\/v2\/posts\/14200","targetHints":{"allow":["GET"]}}],"collection":[{"href":"https:\/\/arroyitoonline.com.ar\/index.php?rest_route=\/wp\/v2\/posts"}],"about":[{"href":"https:\/\/arroyitoonline.com.ar\/index.php?rest_route=\/wp\/v2\/types\/post"}],"author":[{"embeddable":true,"href":"https:\/\/arroyitoonline.com.ar\/index.php?rest_route=\/wp\/v2\/users\/3"}],"replies":[{"embeddable":true,"href":"https:\/\/arroyitoonline.com.ar\/index.php?rest_route=%2Fwp%2Fv2%2Fcomments&post=14200"}],"version-history":[{"count":1,"href":"https:\/\/arroyitoonline.com.ar\/index.php?rest_route=\/wp\/v2\/posts\/14200\/revisions"}],"predecessor-version":[{"id":14201,"href":"https:\/\/arroyitoonline.com.ar\/index.php?rest_route=\/wp\/v2\/posts\/14200\/revisions\/14201"}],"wp:featuredmedia":[{"embeddable":true,"href":"https:\/\/arroyitoonline.com.ar\/index.php?rest_route=\/wp\/v2\/media\/13389"}],"wp:attachment":[{"href":"https:\/\/arroyitoonline.com.ar\/index.php?rest_route=%2Fwp%2Fv2%2Fmedia&parent=14200"}],"wp:term":[{"taxonomy":"category","embeddable":true,"href":"https:\/\/arroyitoonline.com.ar\/index.php?rest_route=%2Fwp%2Fv2%2Fcategories&post=14200"},{"taxonomy":"post_tag","embeddable":true,"href":"https:\/\/arroyitoonline.com.ar\/index.php?rest_route=%2Fwp%2Fv2%2Ftags&post=14200"}],"curies":[{"name":"wp","href":"https:\/\/api.w.org\/{rel}","templated":true}]}}