{"id":14204,"date":"2022-01-10T20:00:07","date_gmt":"2022-01-10T20:00:07","guid":{"rendered":"https:\/\/arroyitoonline.com.ar\/?p=14204"},"modified":"2022-01-10T20:00:08","modified_gmt":"2022-01-10T20:00:08","slug":"detuvo-el-colectivo-que-manejaba-para-dejar-flores-en-el-lugar-donde-murio-su-colega","status":"publish","type":"post","link":"https:\/\/arroyitoonline.com.ar\/?p=14204","title":{"rendered":"Detuvo el colectivo que manejaba para dejar flores en el lugar donde muri\u00f3 su colega"},"content":{"rendered":"\n<p><strong>Se trata de Luciano Gesi. Ocurri\u00f3 en el acceso oeste a R\u00edo Primero, donde fue el tr\u00e1gico accidente que le cost\u00f3 la vida a Mariano P\u00e9rez (36). <\/strong><\/p>\n\n\n\n<p>El 31 de diciembre de 2021, pasajeros de la empresa Mar Chiquita que eligieron el \u00faltimo d\u00eda del a\u00f1o para viajar, se vieron sorprendidos por un gesto del ch\u00f3fer que los llevaba. <\/p>\n\n\n\n<p>Es que <strong>Luciano Gesi <\/strong>detuvo la marcha a la altura del acceso oeste a R\u00edo Primero. El conductor se baj\u00f3 del colectivo, corri\u00f3 unos metros, deposit\u00f3 un arreglo floral sobre el pasto, regres\u00f3 trotando al micro y continu\u00f3 el viaje.<\/p>\n\n\n\n<p>Ning\u00fan viajero se quej\u00f3 de lo ocurrido. Lejos de eso, todos los ocupantes del coche observaron en respetuoso silencio el accionar de Gesi, en homenaje a un colega y compa\u00f1ero de la misma empresa fallecido hace m\u00e1s de cuatro a\u00f1os.<\/p>\n\n\n\n<p>Todo qued\u00f3 registrado gracias a una pasajera, Adriana Videla, que decidi\u00f3 captar el emocionante momento y compartirlo en sus redes sociales.<\/p>\n\n\n\n<p>El sanfransisque\u00f1o Mariano P\u00e9rez ten\u00eda 36 a\u00f1os cuando, el 27 de noviembre de 2017, el \u00f3mnibus que manejaba impact\u00f3 con un cami\u00f3n. La escasa visibilidad a causa del viento y la tierra le habr\u00edan impedido ver la proximidad del otro veh\u00edculo. Como consecuencia de la gravedad de las heridas sufridas, P\u00e9rez muri\u00f3.<\/p>\n\n\n\n<p>Tan querido era que, tanto pasajeros como compa\u00f1eros, no escatiman homenajes desde entonces. En este caso, Gesi dej\u00f3 flores en el lugar del siniestro. `Pero, como antecedente, al cumplirse dos a\u00f1os de la tragedia, amigos y conocidos juntaron firmas para que el Puente ubicado en el kil\u00f3metro 284, entre R\u00edo Primero y Piquill\u00edn, lleve el nombre de<em> &#8220;Mariano David P\u00e9rez&#8221;<\/em>, para honrar la memoria del colectivero. <\/p>\n","protected":false},"excerpt":{"rendered":"<p>Se trata de Luciano Gesi. Ocurri\u00f3 en el acceso oeste a R\u00edo Primero, donde fue el tr\u00e1gico accidente que le&hellip;<\/p>\n","protected":false},"author":3,"featured_media":14205,"comment_status":"closed","ping_status":"open","sticky":false,"template":"","format":"standard","meta":{"footnotes":""},"categories":[866],"tags":[66,67,836,212,1076,548,572,1075],"class_list":["post-14204","post","type-post","status-publish","format-standard","has-post-thumbnail","hentry","category-historias-online","tag-arroyito","tag-arroyito-cordoba","tag-arroyito-online","tag-colectivos","tag-historias-online","tag-muerte","tag-noticias-de-arroyito-y-zona","tag-viaje"],"_links":{"self":[{"href":"https:\/\/arroyitoonline.com.ar\/index.php?rest_route=\/wp\/v2\/posts\/14204","targetHints":{"allow":["GET"]}}],"collection":[{"href":"https:\/\/arroyitoonline.com.ar\/index.php?rest_route=\/wp\/v2\/posts"}],"about":[{"href":"https:\/\/arroyitoonline.com.ar\/index.php?rest_route=\/wp\/v2\/types\/post"}],"author":[{"embeddable":true,"href":"https:\/\/arroyitoonline.com.ar\/index.php?rest_route=\/wp\/v2\/users\/3"}],"replies":[{"embeddable":true,"href":"https:\/\/arroyitoonline.com.ar\/index.php?rest_route=%2Fwp%2Fv2%2Fcomments&post=14204"}],"version-history":[{"count":1,"href":"https:\/\/arroyitoonline.com.ar\/index.php?rest_route=\/wp\/v2\/posts\/14204\/revisions"}],"predecessor-version":[{"id":14206,"href":"https:\/\/arroyitoonline.com.ar\/index.php?rest_route=\/wp\/v2\/posts\/14204\/revisions\/14206"}],"wp:featuredmedia":[{"embeddable":true,"href":"https:\/\/arroyitoonline.com.ar\/index.php?rest_route=\/wp\/v2\/media\/14205"}],"wp:attachment":[{"href":"https:\/\/arroyitoonline.com.ar\/index.php?rest_route=%2Fwp%2Fv2%2Fmedia&parent=14204"}],"wp:term":[{"taxonomy":"category","embeddable":true,"href":"https:\/\/arroyitoonline.com.ar\/index.php?rest_route=%2Fwp%2Fv2%2Fcategories&post=14204"},{"taxonomy":"post_tag","embeddable":true,"href":"https:\/\/arroyitoonline.com.ar\/index.php?rest_route=%2Fwp%2Fv2%2Ftags&post=14204"}],"curies":[{"name":"wp","href":"https:\/\/api.w.org\/{rel}","templated":true}]}}