{"id":14210,"date":"2022-01-11T19:29:38","date_gmt":"2022-01-11T19:29:38","guid":{"rendered":"https:\/\/arroyitoonline.com.ar\/?p=14210"},"modified":"2022-01-11T19:29:39","modified_gmt":"2022-01-11T19:29:39","slug":"conducia-su-auto-por-la-costanera-perdio-el-control-e-impacto-contra-un-domicilio","status":"publish","type":"post","link":"https:\/\/arroyitoonline.com.ar\/?p=14210","title":{"rendered":"Conduc\u00eda su auto por la Costanera, perdi\u00f3 el control e impact\u00f3 contra un domicilio"},"content":{"rendered":"\n<p><strong>La joven de 21 a\u00f1os colision\u00f3 su veh\u00edculo particular con la pared lateral y estructura met\u00e1lica de una casa. No sufri\u00f3 lesiones.<\/strong><\/p>\n\n\n\n<p>El domingo a las 13:30 horas, se produjo un accidente de tr\u00e1nsito sobre Av. Per\u00f3n (Costanera) esquina Dean Funes.<\/p>\n\n\n\n<p>Tras constituirse en el lugar, polic\u00edas se entrevistaron con una joven de 21 a\u00f1os, quien les comunic\u00f3 que momentos antes se conduc\u00eda en su veh\u00edculo particular por Per\u00f3n con sentido de oeste a este. Por razones a establecerse perdi\u00f3 el control del auto colisionando con la pared lateral y estructura met\u00e1lica del frente de un domicilio, sin ocasionar lesiones.<\/p>\n\n\n\n<p>A continuaci\u00f3n, se iniciaron actuaciones sumariales, procediendo al secuestro del veh\u00edculo involucrado en sede policial, con conocimiento e intervenci\u00f3n de Fiscal\u00eda de Instrucci\u00f3n de Arroyito.<\/p>\n\n\n\n<p>Fuente: informe del subcomisario Gaspar Baz\u00e1n \u2013 jefe de la Comisar\u00eda de Distrito Arroyito.<\/p>\n","protected":false},"excerpt":{"rendered":"<p>La joven de 21 a\u00f1os colision\u00f3 su veh\u00edculo particular con la pared lateral y estructura met\u00e1lica de una casa. No&hellip;<\/p>\n","protected":false},"author":3,"featured_media":14211,"comment_status":"closed","ping_status":"open","sticky":false,"template":"","format":"standard","meta":{"footnotes":""},"categories":[824],"tags":[22,66,67,836,84,191,572,635,637,638,825],"class_list":["post-14210","post","type-post","status-publish","format-standard","has-post-thumbnail","hentry","category-policiales-online","tag-accidente","tag-arroyito","tag-arroyito-cordoba","tag-arroyito-online","tag-automotor","tag-choque","tag-noticias-de-arroyito-y-zona","tag-policia","tag-policiales","tag-policiales-arroyito","tag-policiales-online"],"_links":{"self":[{"href":"https:\/\/arroyitoonline.com.ar\/index.php?rest_route=\/wp\/v2\/posts\/14210","targetHints":{"allow":["GET"]}}],"collection":[{"href":"https:\/\/arroyitoonline.com.ar\/index.php?rest_route=\/wp\/v2\/posts"}],"about":[{"href":"https:\/\/arroyitoonline.com.ar\/index.php?rest_route=\/wp\/v2\/types\/post"}],"author":[{"embeddable":true,"href":"https:\/\/arroyitoonline.com.ar\/index.php?rest_route=\/wp\/v2\/users\/3"}],"replies":[{"embeddable":true,"href":"https:\/\/arroyitoonline.com.ar\/index.php?rest_route=%2Fwp%2Fv2%2Fcomments&post=14210"}],"version-history":[{"count":1,"href":"https:\/\/arroyitoonline.com.ar\/index.php?rest_route=\/wp\/v2\/posts\/14210\/revisions"}],"predecessor-version":[{"id":14212,"href":"https:\/\/arroyitoonline.com.ar\/index.php?rest_route=\/wp\/v2\/posts\/14210\/revisions\/14212"}],"wp:featuredmedia":[{"embeddable":true,"href":"https:\/\/arroyitoonline.com.ar\/index.php?rest_route=\/wp\/v2\/media\/14211"}],"wp:attachment":[{"href":"https:\/\/arroyitoonline.com.ar\/index.php?rest_route=%2Fwp%2Fv2%2Fmedia&parent=14210"}],"wp:term":[{"taxonomy":"category","embeddable":true,"href":"https:\/\/arroyitoonline.com.ar\/index.php?rest_route=%2Fwp%2Fv2%2Fcategories&post=14210"},{"taxonomy":"post_tag","embeddable":true,"href":"https:\/\/arroyitoonline.com.ar\/index.php?rest_route=%2Fwp%2Fv2%2Ftags&post=14210"}],"curies":[{"name":"wp","href":"https:\/\/api.w.org\/{rel}","templated":true}]}}