{"id":14213,"date":"2022-01-11T21:27:18","date_gmt":"2022-01-11T21:27:18","guid":{"rendered":"https:\/\/arroyitoonline.com.ar\/?p=14213"},"modified":"2022-01-11T21:28:05","modified_gmt":"2022-01-11T21:28:05","slug":"arroyito-llora-la-muerte-del-musico-jose-alberto-beto-lemos","status":"publish","type":"post","link":"https:\/\/arroyitoonline.com.ar\/?p=14213","title":{"rendered":"Arroyito llora la muerte del m\u00fasico Jos\u00e9 Alberto &#8220;Beto&#8221; Lemos"},"content":{"rendered":"\n<p><strong>El pap\u00e1 del director de la Sinf\u00f3nica local ten\u00eda 69 a\u00f1os. Fue formador de varios grupos folcl\u00f3ricos y forjador de cantores. <\/strong><\/p>\n\n\n\n<p>Esta ma\u00f1ana se conoci\u00f3 la lamentable noticia del <strong>fallecimiento<\/strong> del m\u00fasico <strong>Jos\u00e9 Alberto &#8220;Beto&#8221; Lemos<\/strong>, a los <strong>69 a\u00f1os<\/strong>. El pap\u00e1 de Gerardo Lemos, director de la Banda Sinf\u00f3nica de Arroyito, comenz\u00f3 su carrera art\u00edstica en Pozo de la Loma, provincia de C\u00f3rdoba, con<strong> Los cantores de la patria<\/strong>.<\/p>\n\n\n\n<p>En la d\u00e9cada de 1960, Beto estuvo participando en el popular festival del Barrio Landra, en nuestra ciudad. Adem\u00e1s, fue formador de varios grupos folcl\u00f3ricos y forjador de alg\u00fan cantor, como Gerardo Cravero.<\/p>\n\n\n\n<p>Sin dudas, el conjunto de mayor relevancia que tuvo se llam\u00f3 <strong>Las voces de Arroyito<\/strong>, por el que pasaron distintos vocalistas, entre los que se destacan Rub\u00e9n Valenciano, Luis Ju\u00e1rez y los hermanos Pesci de Sacanta. <\/p>\n\n\n\n<figure class=\"wp-block-image size-large\"><img loading=\"lazy\" decoding=\"async\" width=\"1024\" height=\"1024\" src=\"https:\/\/arroyitoonline.com.ar\/wp-content\/uploads\/2022\/01\/LEMOS-JOSE-ALBERTO.-11-01-2022-1024x1024.jpg\" alt=\"\" class=\"wp-image-14214\" srcset=\"https:\/\/arroyitoonline.com.ar\/wp-content\/uploads\/2022\/01\/LEMOS-JOSE-ALBERTO.-11-01-2022-1024x1024.jpg 1024w, https:\/\/arroyitoonline.com.ar\/wp-content\/uploads\/2022\/01\/LEMOS-JOSE-ALBERTO.-11-01-2022-300x300.jpg 300w, https:\/\/arroyitoonline.com.ar\/wp-content\/uploads\/2022\/01\/LEMOS-JOSE-ALBERTO.-11-01-2022-150x150.jpg 150w, https:\/\/arroyitoonline.com.ar\/wp-content\/uploads\/2022\/01\/LEMOS-JOSE-ALBERTO.-11-01-2022-768x768.jpg 768w, https:\/\/arroyitoonline.com.ar\/wp-content\/uploads\/2022\/01\/LEMOS-JOSE-ALBERTO.-11-01-2022.jpg 1440w\" sizes=\"auto, (max-width: 1024px) 100vw, 1024px\" \/><figcaption><em>Esta tarde fue el \u00faltimo adi\u00f3s al reconocido m\u00fasico, padre de Gerardo Lemos.<\/em><\/figcaption><\/figure>\n\n\n\n<p>En ocasi\u00f3n de realizarse la Misa Criolla dirigida por Hern\u00e1n Olocco e interpretada por los coros de nuestra ciudad, Frontera y Devoto; Beto fue una de las voces solistas de aquella formaci\u00f3n.<\/p>\n\n\n\n<p>En palabras de otro gran m\u00fasico y amigo, Roberto Bazzi, <em>&#8220;era un tipo muy comprometido con el folclore, ayud\u00f3 en la medida que pudo a todos aquellos que le pidieron una mano, ya que conoc\u00eda mucho de voces. De ah\u00ed viene todo lo que Gerardo y la familia le han dado a la m\u00fasica&#8221;<\/em>. <\/p>\n\n\n\n<p>Quienes hacemos Arroyito Online enviamos nuestras condolencias a la familia y afectos de Beto, en especial a su hijo, Gerardo. <\/p>\n\n\n\n<p>Agradecemos la informaci\u00f3n a Roberto Bazzi y la foto de portada a Flavia Hattemer. <\/p>\n","protected":false},"excerpt":{"rendered":"<p>El pap\u00e1 del director de la Sinf\u00f3nica local ten\u00eda 69 a\u00f1os. Fue formador de varios grupos folcl\u00f3ricos y forjador de&hellip;<\/p>\n","protected":false},"author":3,"featured_media":14215,"comment_status":"closed","ping_status":"open","sticky":false,"template":"","format":"standard","meta":{"footnotes":""},"categories":[900],"tags":[66,67,836,99,382,548,559,571,572],"class_list":["post-14213","post","type-post","status-publish","format-standard","has-post-thumbnail","hentry","category-noticias","tag-arroyito","tag-arroyito-cordoba","tag-arroyito-online","tag-banda-sinfonica","tag-folclore","tag-muerte","tag-musica","tag-noticia","tag-noticias-de-arroyito-y-zona"],"_links":{"self":[{"href":"https:\/\/arroyitoonline.com.ar\/index.php?rest_route=\/wp\/v2\/posts\/14213","targetHints":{"allow":["GET"]}}],"collection":[{"href":"https:\/\/arroyitoonline.com.ar\/index.php?rest_route=\/wp\/v2\/posts"}],"about":[{"href":"https:\/\/arroyitoonline.com.ar\/index.php?rest_route=\/wp\/v2\/types\/post"}],"author":[{"embeddable":true,"href":"https:\/\/arroyitoonline.com.ar\/index.php?rest_route=\/wp\/v2\/users\/3"}],"replies":[{"embeddable":true,"href":"https:\/\/arroyitoonline.com.ar\/index.php?rest_route=%2Fwp%2Fv2%2Fcomments&post=14213"}],"version-history":[{"count":2,"href":"https:\/\/arroyitoonline.com.ar\/index.php?rest_route=\/wp\/v2\/posts\/14213\/revisions"}],"predecessor-version":[{"id":14217,"href":"https:\/\/arroyitoonline.com.ar\/index.php?rest_route=\/wp\/v2\/posts\/14213\/revisions\/14217"}],"wp:featuredmedia":[{"embeddable":true,"href":"https:\/\/arroyitoonline.com.ar\/index.php?rest_route=\/wp\/v2\/media\/14215"}],"wp:attachment":[{"href":"https:\/\/arroyitoonline.com.ar\/index.php?rest_route=%2Fwp%2Fv2%2Fmedia&parent=14213"}],"wp:term":[{"taxonomy":"category","embeddable":true,"href":"https:\/\/arroyitoonline.com.ar\/index.php?rest_route=%2Fwp%2Fv2%2Fcategories&post=14213"},{"taxonomy":"post_tag","embeddable":true,"href":"https:\/\/arroyitoonline.com.ar\/index.php?rest_route=%2Fwp%2Fv2%2Ftags&post=14213"}],"curies":[{"name":"wp","href":"https:\/\/api.w.org\/{rel}","templated":true}]}}