{"id":14223,"date":"2022-01-18T19:37:54","date_gmt":"2022-01-18T19:37:54","guid":{"rendered":"https:\/\/arroyitoonline.com.ar\/?p=14223"},"modified":"2022-01-18T19:37:56","modified_gmt":"2022-01-18T19:37:56","slug":"intento-huir-de-la-policia-y-fue-aprehendido","status":"publish","type":"post","link":"https:\/\/arroyitoonline.com.ar\/?p=14223","title":{"rendered":"Intent\u00f3 huir de la Polic\u00eda y fue aprehendido"},"content":{"rendered":"\n<p><strong>El joven de 19 a\u00f1os merodeaba a bordo de una moto en una obra en construcci\u00f3n. Le encontraron herramientas y cables en la mochila.<\/strong><\/p>\n\n\n\n<p>Ayer a las 3:00 de la madrugada, personal policial se encontraba patrullando por distintos sectores de la ciudad. En este marco, uniformados fueron alertados de que, en una obra en construcci\u00f3n en ampliaci\u00f3n sur de B\u00ba Don Pablo, andar\u00edan dos sujetos a bordo de una motocicleta.<\/p>\n\n\n\n<p>La Polic\u00eda divis\u00f3 el rodado, que emprendi\u00f3 la fuga, quedando en el lugar un joven de 19 a\u00f1os, quien intent\u00f3 huir sin lograrlo y fue aprehendido. El sujeto ten\u00eda en su poder una mochila que conten\u00eda rezago de cable prolongaci\u00f3n y herramientas.<\/p>\n\n\n\n<p>Luego, fue trasladado a la Comisar\u00eda, donde se iniciaron actuaciones sumariales, quedando alojado a disposici\u00f3n de la Fiscal\u00eda de Feria.<\/p>\n\n\n\n<p>Fuente: informe del subcomisario Gaspar Baz\u00e1n \u2013 Jefe de la Comisar\u00eda de Distrito Arroyito.<\/p>\n","protected":false},"excerpt":{"rendered":"<p>El joven de 19 a\u00f1os merodeaba a bordo de una moto en una obra en construcci\u00f3n. Le encontraron herramientas y&hellip;<\/p>\n","protected":false},"author":3,"featured_media":9911,"comment_status":"closed","ping_status":"open","sticky":false,"template":"","format":"standard","meta":{"footnotes":""},"categories":[824],"tags":[66,67,836,875,1086,547,572,635,637,638,825],"class_list":["post-14223","post","type-post","status-publish","format-standard","has-post-thumbnail","hentry","category-policiales-online","tag-arroyito","tag-arroyito-cordoba","tag-arroyito-online","tag-jovenes-2","tag-moto","tag-motos","tag-noticias-de-arroyito-y-zona","tag-policia","tag-policiales","tag-policiales-arroyito","tag-policiales-online"],"_links":{"self":[{"href":"https:\/\/arroyitoonline.com.ar\/index.php?rest_route=\/wp\/v2\/posts\/14223","targetHints":{"allow":["GET"]}}],"collection":[{"href":"https:\/\/arroyitoonline.com.ar\/index.php?rest_route=\/wp\/v2\/posts"}],"about":[{"href":"https:\/\/arroyitoonline.com.ar\/index.php?rest_route=\/wp\/v2\/types\/post"}],"author":[{"embeddable":true,"href":"https:\/\/arroyitoonline.com.ar\/index.php?rest_route=\/wp\/v2\/users\/3"}],"replies":[{"embeddable":true,"href":"https:\/\/arroyitoonline.com.ar\/index.php?rest_route=%2Fwp%2Fv2%2Fcomments&post=14223"}],"version-history":[{"count":2,"href":"https:\/\/arroyitoonline.com.ar\/index.php?rest_route=\/wp\/v2\/posts\/14223\/revisions"}],"predecessor-version":[{"id":14225,"href":"https:\/\/arroyitoonline.com.ar\/index.php?rest_route=\/wp\/v2\/posts\/14223\/revisions\/14225"}],"wp:featuredmedia":[{"embeddable":true,"href":"https:\/\/arroyitoonline.com.ar\/index.php?rest_route=\/wp\/v2\/media\/9911"}],"wp:attachment":[{"href":"https:\/\/arroyitoonline.com.ar\/index.php?rest_route=%2Fwp%2Fv2%2Fmedia&parent=14223"}],"wp:term":[{"taxonomy":"category","embeddable":true,"href":"https:\/\/arroyitoonline.com.ar\/index.php?rest_route=%2Fwp%2Fv2%2Fcategories&post=14223"},{"taxonomy":"post_tag","embeddable":true,"href":"https:\/\/arroyitoonline.com.ar\/index.php?rest_route=%2Fwp%2Fv2%2Ftags&post=14223"}],"curies":[{"name":"wp","href":"https:\/\/api.w.org\/{rel}","templated":true}]}}