{"id":14226,"date":"2022-01-19T00:03:46","date_gmt":"2022-01-19T00:03:46","guid":{"rendered":"https:\/\/arroyitoonline.com.ar\/?p=14226"},"modified":"2022-01-19T00:47:32","modified_gmt":"2022-01-19T00:47:32","slug":"el-colegio-de-abogados-lamento-la-muerte-de-la-letrada-de-arroyito-malena-paredes","status":"publish","type":"post","link":"https:\/\/arroyitoonline.com.ar\/?p=14226","title":{"rendered":"El Colegio de Abogados lament\u00f3 la muerte de la letrada de Arroyito, Malena Paredes"},"content":{"rendered":"\n<p><strong>Ten\u00eda 45 a\u00f1os. Las Comunidades Educativas Mercedaria y Velezana tambi\u00e9n enviaron condolencias a los afectos de la abogada fallecida hoy. <\/strong><\/p>\n\n\n\n<p>Hoy se conoci\u00f3 la triste noticia del <strong>fallecimiento de la letrada de Arroyito, Malena Soledad Paredes, a los 45 a\u00f1os<\/strong>. Seg\u00fan lo informado por el <strong>Colegio de Abogados<\/strong> de nuestra ciudad, la profesional padec\u00eda un c\u00e1ncer que hab\u00eda sido diagnosticado en los primeros meses de la pandemia coronavirus, al cual le dio batalla hasta el triste desenlace. <\/p>\n\n\n\n<figure><iframe loading=\"lazy\" src=\"https:\/\/www.facebook.com\/plugins\/post.php?href=https%3A%2F%2Fwww.facebook.com%2Fcolegiodeabogadosdearroyito%2Fposts%2F656911049088854&amp;show_text=true&amp;width=500\" width=\"500\" height=\"673\" allowfullscreen=\"true\"><\/iframe><\/figure>\n\n\n\n<p>Desde la entidad presidida por Emanuel Acosta lamentaron <em>&#8220;profundamente&#8221;<\/em> la p\u00e9rdida de esta querida colega. Tambi\u00e9n expresaron que <em>&#8220;te recordaremos siempre por tu sencillez, calidez y compa\u00f1erismo. Tu fuerza, empuje y bondad nos quedan como ejemplo de vida&#8221;<\/em> acompa\u00f1ando <em>&#8220;a su familia, hijos y amigos en este dif\u00edcil momento&#8221;<\/em>. <\/p>\n\n\n\n<p><strong>M\u00e1s condolencias<\/strong><\/p>\n\n\n\n<p>Por su parte, la <strong>Comunidad Educativa Mercedaria<\/strong> <em>&#8220;con profunda tristeza acompa\u00f1a a su familia con la oraci\u00f3n por el eterno descanso de Malena, quien fue ejemplo de lucha, sencillez y calidez humana. Que brille para ella la luz que no tiene fin.Vivir\u00e1s eternamente en nuestros recuerdos&#8221;<\/em>.<\/p>\n\n\n\n<figure><iframe loading=\"lazy\" src=\"https:\/\/www.facebook.com\/plugins\/post.php?href=https%3A%2F%2Fwww.facebook.com%2Festilomercedarioarroyito%2Fposts%2F5675406865844956&amp;show_text=true&amp;width=500\" width=\"500\" height=\"667\" allowfullscreen=\"true\"><\/iframe><\/figure>\n\n\n\n<p>Tambi\u00e9n la <strong>Escuela Dr. Dalmacio V\u00e9lez Sarsfield<\/strong> lament\u00f3 el fallecimiento de Malena, quien egres\u00f3 de ese establecimiento educativo en 1993, se gradu\u00f3 en la Universidad Nacional de C\u00f3rdoba y particip\u00f3 de manera activa, desde el estudio jur\u00eddico que comparti\u00f3 con la Dra. Laura Beigveder, de su programa de Pasant\u00edas.<\/p>\n\n\n\n<figure><iframe loading=\"lazy\" src=\"https:\/\/www.facebook.com\/plugins\/post.php?href=https%3A%2F%2Fwww.facebook.com%2Fvelezarroyito%2Fposts%2F4899456083444904&amp;show_text=true&amp;width=500\" width=\"500\" height=\"572\" allowfullscreen=\"true\"><\/iframe><\/figure>\n\n\n\n<p><em>&#8220;Sencilla, bondadosa y alegre. As\u00ed te recodaremos. Acompa\u00f1amos a su familia, especialmente a sus hijas; colegas y a la Promo 1993 de nuestro Secundario donde forj\u00f3 amistades para siempre&#8221;<\/em>, manifestaron deseando que descanse en paz. <\/p>\n","protected":false},"excerpt":{"rendered":"<p>Ten\u00eda 45 a\u00f1os. Las Comunidades Educativas Mercedaria y Velezana tambi\u00e9n enviaron condolencias a los afectos de la abogada fallecida hoy.&hellip;<\/p>\n","protected":false},"author":3,"featured_media":14227,"comment_status":"closed","ping_status":"open","sticky":false,"template":"","format":"standard","meta":{"footnotes":""},"categories":[900],"tags":[18,66,67,836,1046,414,450,548,572],"class_list":["post-14226","post","type-post","status-publish","format-standard","has-post-thumbnail","hentry","category-noticias","tag-abogado","tag-arroyito","tag-arroyito-cordoba","tag-arroyito-online","tag-colegio-de-abogados","tag-hermanas-mercedarias","tag-instituto-nuestra-senora-de-la-merced","tag-muerte","tag-noticias-de-arroyito-y-zona"],"_links":{"self":[{"href":"https:\/\/arroyitoonline.com.ar\/index.php?rest_route=\/wp\/v2\/posts\/14226","targetHints":{"allow":["GET"]}}],"collection":[{"href":"https:\/\/arroyitoonline.com.ar\/index.php?rest_route=\/wp\/v2\/posts"}],"about":[{"href":"https:\/\/arroyitoonline.com.ar\/index.php?rest_route=\/wp\/v2\/types\/post"}],"author":[{"embeddable":true,"href":"https:\/\/arroyitoonline.com.ar\/index.php?rest_route=\/wp\/v2\/users\/3"}],"replies":[{"embeddable":true,"href":"https:\/\/arroyitoonline.com.ar\/index.php?rest_route=%2Fwp%2Fv2%2Fcomments&post=14226"}],"version-history":[{"count":3,"href":"https:\/\/arroyitoonline.com.ar\/index.php?rest_route=\/wp\/v2\/posts\/14226\/revisions"}],"predecessor-version":[{"id":14230,"href":"https:\/\/arroyitoonline.com.ar\/index.php?rest_route=\/wp\/v2\/posts\/14226\/revisions\/14230"}],"wp:featuredmedia":[{"embeddable":true,"href":"https:\/\/arroyitoonline.com.ar\/index.php?rest_route=\/wp\/v2\/media\/14227"}],"wp:attachment":[{"href":"https:\/\/arroyitoonline.com.ar\/index.php?rest_route=%2Fwp%2Fv2%2Fmedia&parent=14226"}],"wp:term":[{"taxonomy":"category","embeddable":true,"href":"https:\/\/arroyitoonline.com.ar\/index.php?rest_route=%2Fwp%2Fv2%2Fcategories&post=14226"},{"taxonomy":"post_tag","embeddable":true,"href":"https:\/\/arroyitoonline.com.ar\/index.php?rest_route=%2Fwp%2Fv2%2Ftags&post=14226"}],"curies":[{"name":"wp","href":"https:\/\/api.w.org\/{rel}","templated":true}]}}