{"id":14238,"date":"2022-01-22T15:43:34","date_gmt":"2022-01-22T15:43:34","guid":{"rendered":"https:\/\/arroyitoonline.com.ar\/?p=14238"},"modified":"2022-01-22T21:07:40","modified_gmt":"2022-01-22T21:07:40","slug":"escuela-proa-arroyito-padres-piden-que-finalice-la-construccion-del-edificio-propio","status":"publish","type":"post","link":"https:\/\/arroyitoonline.com.ar\/?p=14238","title":{"rendered":"Escuela ProA Arroyito: padres piden que finalice la construcci\u00f3n del edificio propio"},"content":{"rendered":"\n<p><strong>Por medio de una carta abierta, tambi\u00e9n solicitan un lugar provisorio digno para el dictado de clases.<\/strong><\/p>\n\n\n\n<p>Padres de alumnos de la Escuela ProA de nuestra ciudad enviaron una carta abierta, donde exponen la situaci\u00f3n actual que el colegio est\u00e1 enfrentando, de cara al inicio del ciclo lectivo 2022.<\/p>\n\n\n\n<p>En la misiva, los miembros de la cooperadora de la instituci\u00f3n informan que en el a\u00f1o 2019 empez\u00f3 el dictado de clases de primer a\u00f1o, de manera provisoria en un edificio prestado por la Iglesia Cat\u00f3lica, mientras comenzaba la construcci\u00f3n del inmueble propio.<\/p>\n\n\n\n<p>En 2020 surgi\u00f3 el problema de la habilitaci\u00f3n de una segunda aula en el espacio cedido en pr\u00e9stamo. Ese a\u00f1o, las clases iniciaron semanas m\u00e1s tarde, por la demora en la apertura del aula. Si bien con la pandemia y las clases virtuales la problem\u00e1tica se atenu\u00f3, en 2021 eran tres los cursos y solo dos las aulas disponibles. <\/p>\n\n\n\n<p>En paralelo, los padres hac\u00edan reclamos a las autoridades municipales e inspectora provincial de Educaci\u00f3n, ya que cuando el protocolo Covid permiti\u00f3 volver a la presencialidad, los alumnos de la ProA debieron seguir cursando en la virtualidad media jornada por falta de aulas. <\/p>\n\n\n\n<div class=\"wp-block-image\"><figure class=\"aligncenter size-large\"><img loading=\"lazy\" decoding=\"async\" width=\"732\" height=\"1024\" src=\"https:\/\/arroyitoonline.com.ar\/wp-content\/uploads\/2022\/01\/carta-abierta-edificio-escuela-proA-732x1024.jpg\" alt=\"\" class=\"wp-image-14242\" srcset=\"https:\/\/arroyitoonline.com.ar\/wp-content\/uploads\/2022\/01\/carta-abierta-edificio-escuela-proA-732x1024.jpg 732w, https:\/\/arroyitoonline.com.ar\/wp-content\/uploads\/2022\/01\/carta-abierta-edificio-escuela-proA-214x300.jpg 214w, https:\/\/arroyitoonline.com.ar\/wp-content\/uploads\/2022\/01\/carta-abierta-edificio-escuela-proA.jpg 747w\" sizes=\"auto, (max-width: 732px) 100vw, 732px\" \/><figcaption><em>La carta abierta enviada por padres miembros de la cooperadora de la Escuela ProA Arroyito.<\/em><\/figcaption><\/figure><\/div>\n\n\n\n<p>Adem\u00e1s, explican que 2022 <em>&#8220;nos encuentra sin colegio y este Programa Experimental Avanzado anunciado con bombos y platillos a\u00f1os atr\u00e1s, nos deja m\u00e1s incertidumbres que certezas, con una alta preocupaci\u00f3n de cara al comienzo de clases que es en solo seis semanas y con la construcci\u00f3n del edificio inconclusa avanzando a paso muy lento&#8221;<\/em>.<\/p>\n\n\n\n<p>Tambi\u00e9n exponen que no tienen definido el lugar f\u00edsico ni c\u00f3mo va a ser que el colegio funcione con cuatro cursos en doble jornada. El lugar prestado provisorio, que va por el cuarto a\u00f1o, ya no puede cubrir las necesidades actuales del colegio. <\/p>\n\n\n\n<p><em>&#8220;Donde funcionan las aulas no tienen ventanas y, como es un lugar prestado, no podemos hacer mejoras. Si conectamos un ventilador o un caloventor salta la t\u00e9rmica y no podemos solucionarlo porque no podemos modificar la red el\u00e9ctrica. Tampoco tienen m\u00e1stil para la Bandera Argentina&#8221;<\/em>, aseveran.<\/p>\n\n\n\n<p>Se trata de 100 familias <em>&#8220;que estamos desesperadas&#8221; <\/em>y solicitan que <em>&#8220;sin distinciones pol\u00edticas&#8221;<\/em> ayuden a que se garantice la educaci\u00f3n de sus hijos, con el cumplimiento de dos puntos:<\/p>\n\n\n\n<p>Finalizaci\u00f3n del edificio propio en el a\u00f1o en curso, <em>&#8220;ya que van tres a\u00f1os de construcci\u00f3n y no se termin\u00f3 ni una sola aula&#8221;<\/em>.<\/p>\n\n\n\n<p>Hasta que el nuevo edificio est\u00e9 terminado, solicitan un lugar donde el colegio pueda funcionar<em> &#8220;normalmente como cualquier otro colegio&#8221;<\/em>, con ba\u00f1os suficientes para 100 alumnos y profesores, cuatro aulas para el dictado de doble jornada y lugares para el almuerzo y la pr\u00e1ctica de Educaci\u00f3n F\u00edsica (en la actualidad lo hacen en un centro vecinal), aula inform\u00e1tica, sala de profesores y direcci\u00f3n. <\/p>\n","protected":false},"excerpt":{"rendered":"<p>Por medio de una carta abierta, tambi\u00e9n solicitan un lugar provisorio digno para el dictado de clases. Padres de alumnos&hellip;<\/p>\n","protected":false},"author":3,"featured_media":14241,"comment_status":"closed","ping_status":"open","sticky":false,"template":"","format":"standard","meta":{"footnotes":""},"categories":[830],"tags":[66,67,836,310,859,348,404,405,1102,572,1100],"class_list":["post-14238","post","type-post","status-publish","format-standard","has-post-thumbnail","hentry","category-educacion-online","tag-arroyito","tag-arroyito-cordoba","tag-arroyito-online","tag-educacion","tag-escuela-proa","tag-escuelas","tag-gobierno-de-cordoba","tag-gobierno-de-la-provincia","tag-gobierno-municipal","tag-noticias-de-arroyito-y-zona","tag-reclamos"],"_links":{"self":[{"href":"https:\/\/arroyitoonline.com.ar\/index.php?rest_route=\/wp\/v2\/posts\/14238","targetHints":{"allow":["GET"]}}],"collection":[{"href":"https:\/\/arroyitoonline.com.ar\/index.php?rest_route=\/wp\/v2\/posts"}],"about":[{"href":"https:\/\/arroyitoonline.com.ar\/index.php?rest_route=\/wp\/v2\/types\/post"}],"author":[{"embeddable":true,"href":"https:\/\/arroyitoonline.com.ar\/index.php?rest_route=\/wp\/v2\/users\/3"}],"replies":[{"embeddable":true,"href":"https:\/\/arroyitoonline.com.ar\/index.php?rest_route=%2Fwp%2Fv2%2Fcomments&post=14238"}],"version-history":[{"count":4,"href":"https:\/\/arroyitoonline.com.ar\/index.php?rest_route=\/wp\/v2\/posts\/14238\/revisions"}],"predecessor-version":[{"id":14244,"href":"https:\/\/arroyitoonline.com.ar\/index.php?rest_route=\/wp\/v2\/posts\/14238\/revisions\/14244"}],"wp:featuredmedia":[{"embeddable":true,"href":"https:\/\/arroyitoonline.com.ar\/index.php?rest_route=\/wp\/v2\/media\/14241"}],"wp:attachment":[{"href":"https:\/\/arroyitoonline.com.ar\/index.php?rest_route=%2Fwp%2Fv2%2Fmedia&parent=14238"}],"wp:term":[{"taxonomy":"category","embeddable":true,"href":"https:\/\/arroyitoonline.com.ar\/index.php?rest_route=%2Fwp%2Fv2%2Fcategories&post=14238"},{"taxonomy":"post_tag","embeddable":true,"href":"https:\/\/arroyitoonline.com.ar\/index.php?rest_route=%2Fwp%2Fv2%2Ftags&post=14238"}],"curies":[{"name":"wp","href":"https:\/\/api.w.org\/{rel}","templated":true}]}}