{"id":14246,"date":"2022-01-24T13:18:14","date_gmt":"2022-01-24T13:18:14","guid":{"rendered":"https:\/\/arroyitoonline.com.ar\/?p=14246"},"modified":"2022-01-24T13:18:16","modified_gmt":"2022-01-24T13:18:16","slug":"la-guardia-respiratoria-informo-nuevos-horarios-de-atencion","status":"publish","type":"post","link":"https:\/\/arroyitoonline.com.ar\/?p=14246","title":{"rendered":"La guardia respiratoria inform\u00f3 nuevos horarios de atenci\u00f3n"},"content":{"rendered":"\n<p><strong>Por su parte, el consultorio destinado a pacientes con Covid positivo atiende previo aviso telef\u00f3nico. <\/strong><\/p>\n\n\n\n<p>El Gobierno Municipal informa que la Guardia Respiratoria del Hospital Municipal de Autogesti\u00f3n Carlos J. Rodr\u00edguez, tiene nuevos horarios. <\/p>\n\n\n\n<div class=\"wp-block-image\"><figure class=\"aligncenter size-large\"><img loading=\"lazy\" decoding=\"async\" width=\"1024\" height=\"1024\" src=\"https:\/\/arroyitoonline.com.ar\/wp-content\/uploads\/2022\/01\/nuevos-horarios-guardia-respiratoria-1024x1024.jpeg\" alt=\"\" class=\"wp-image-14247\" srcset=\"https:\/\/arroyitoonline.com.ar\/wp-content\/uploads\/2022\/01\/nuevos-horarios-guardia-respiratoria-1024x1024.jpeg 1024w, https:\/\/arroyitoonline.com.ar\/wp-content\/uploads\/2022\/01\/nuevos-horarios-guardia-respiratoria-300x300.jpeg 300w, https:\/\/arroyitoonline.com.ar\/wp-content\/uploads\/2022\/01\/nuevos-horarios-guardia-respiratoria-150x150.jpeg 150w, https:\/\/arroyitoonline.com.ar\/wp-content\/uploads\/2022\/01\/nuevos-horarios-guardia-respiratoria-768x768.jpeg 768w, https:\/\/arroyitoonline.com.ar\/wp-content\/uploads\/2022\/01\/nuevos-horarios-guardia-respiratoria.jpeg 1280w\" sizes=\"auto, (max-width: 1024px) 100vw, 1024px\" \/><\/figure><\/div>\n\n\n\n<p>La guardia Covid funcionar\u00e1 de lunes a viernes de 8:00 a 12:00 horas. Por su parte, el consultorio respiratorio atender\u00e1, con previo aviso telef\u00f3nico, a los n\u00fameros:<\/p>\n\n\n\n<ul class=\"wp-block-list\"><li><strong>107<\/strong><\/li><li><strong>3576 526916<\/strong>.<\/li><\/ul>\n","protected":false},"excerpt":{"rendered":"<p>Por su parte, el consultorio destinado a pacientes con Covid positivo atiende previo aviso telef\u00f3nico. El Gobierno Municipal informa que&hellip;<\/p>\n","protected":false},"author":3,"featured_media":7160,"comment_status":"closed","ping_status":"open","sticky":false,"template":"","format":"standard","meta":{"footnotes":""},"categories":[9],"tags":[66,67,836,1143,1108,1152,1102,1177,572,706],"class_list":["post-14246","post","type-post","status-publish","format-standard","has-post-thumbnail","hentry","category-infosalud","tag-arroyito","tag-arroyito-cordoba","tag-arroyito-online","tag-barbijo","tag-coronavirus","tag-covid-19","tag-gobierno-municipal","tag-hospital-municipal-carlos-j-rodriguez","tag-noticias-de-arroyito-y-zona","tag-salud"],"_links":{"self":[{"href":"https:\/\/arroyitoonline.com.ar\/index.php?rest_route=\/wp\/v2\/posts\/14246","targetHints":{"allow":["GET"]}}],"collection":[{"href":"https:\/\/arroyitoonline.com.ar\/index.php?rest_route=\/wp\/v2\/posts"}],"about":[{"href":"https:\/\/arroyitoonline.com.ar\/index.php?rest_route=\/wp\/v2\/types\/post"}],"author":[{"embeddable":true,"href":"https:\/\/arroyitoonline.com.ar\/index.php?rest_route=\/wp\/v2\/users\/3"}],"replies":[{"embeddable":true,"href":"https:\/\/arroyitoonline.com.ar\/index.php?rest_route=%2Fwp%2Fv2%2Fcomments&post=14246"}],"version-history":[{"count":1,"href":"https:\/\/arroyitoonline.com.ar\/index.php?rest_route=\/wp\/v2\/posts\/14246\/revisions"}],"predecessor-version":[{"id":14248,"href":"https:\/\/arroyitoonline.com.ar\/index.php?rest_route=\/wp\/v2\/posts\/14246\/revisions\/14248"}],"wp:featuredmedia":[{"embeddable":true,"href":"https:\/\/arroyitoonline.com.ar\/index.php?rest_route=\/wp\/v2\/media\/7160"}],"wp:attachment":[{"href":"https:\/\/arroyitoonline.com.ar\/index.php?rest_route=%2Fwp%2Fv2%2Fmedia&parent=14246"}],"wp:term":[{"taxonomy":"category","embeddable":true,"href":"https:\/\/arroyitoonline.com.ar\/index.php?rest_route=%2Fwp%2Fv2%2Fcategories&post=14246"},{"taxonomy":"post_tag","embeddable":true,"href":"https:\/\/arroyitoonline.com.ar\/index.php?rest_route=%2Fwp%2Fv2%2Ftags&post=14246"}],"curies":[{"name":"wp","href":"https:\/\/api.w.org\/{rel}","templated":true}]}}