{"id":14263,"date":"2022-01-25T20:45:44","date_gmt":"2022-01-25T20:45:44","guid":{"rendered":"https:\/\/arroyitoonline.com.ar\/?p=14263"},"modified":"2022-01-25T20:45:46","modified_gmt":"2022-01-25T20:45:46","slug":"bomberos-apagaron-incendio-en-un-local-comercial-del-centro","status":"publish","type":"post","link":"https:\/\/arroyitoonline.com.ar\/?p=14263","title":{"rendered":"Bomberos apagaron incendio en un local comercial del centro"},"content":{"rendered":"\n<p><strong>Se lamentaron da\u00f1os materiales, pero no se registraron personas lesionadas.<\/strong><\/p>\n\n\n\n<p>En horas de la madrugada de hoy, Bomberos Voluntarios fueron alertados del incendio estructural en un local comercial ubicado sobre calle 25 de Mayo, en la zona c\u00e9ntrica de la ciudad.<\/p>\n\n\n\n<p>Al lugar asisti\u00f3 una dotaci\u00f3n al mando del suboficial mayor BV Carlos Carnevale, en el M\u00f3vil 11. Al arribo, los voluntarios se encontraron con un siniestro generalizado en las habitaciones traseras del recinto que funcionaban como dep\u00f3sito de mercader\u00eda.<\/p>\n\n\n\n<p>El incendio fue extinguido por los bomberos que luego realizaron enfriamiento, ventilaci\u00f3n del local y remoci\u00f3n de escombros. Se lamentaron da\u00f1os materiales pero no se registraron personas lesionadas. Las labores finalizaron a las 8:30 AM. <\/p>\n","protected":false},"excerpt":{"rendered":"<p>Se lamentaron da\u00f1os materiales, pero no se registraron personas lesionadas. En horas de la madrugada de hoy, Bomberos Voluntarios fueron&hellip;<\/p>\n","protected":false},"author":3,"featured_media":14264,"comment_status":"closed","ping_status":"open","sticky":false,"template":"","format":"standard","meta":{"footnotes":""},"categories":[824],"tags":[66,67,836,127,128,129,217,435,572,637,638,825],"class_list":["post-14263","post","type-post","status-publish","format-standard","has-post-thumbnail","hentry","category-policiales-online","tag-arroyito","tag-arroyito-cordoba","tag-arroyito-online","tag-bomberos-arroyito","tag-bomberos-de-arroyito","tag-bomberos-voluntarios","tag-comercio","tag-incendio","tag-noticias-de-arroyito-y-zona","tag-policiales","tag-policiales-arroyito","tag-policiales-online"],"_links":{"self":[{"href":"https:\/\/arroyitoonline.com.ar\/index.php?rest_route=\/wp\/v2\/posts\/14263","targetHints":{"allow":["GET"]}}],"collection":[{"href":"https:\/\/arroyitoonline.com.ar\/index.php?rest_route=\/wp\/v2\/posts"}],"about":[{"href":"https:\/\/arroyitoonline.com.ar\/index.php?rest_route=\/wp\/v2\/types\/post"}],"author":[{"embeddable":true,"href":"https:\/\/arroyitoonline.com.ar\/index.php?rest_route=\/wp\/v2\/users\/3"}],"replies":[{"embeddable":true,"href":"https:\/\/arroyitoonline.com.ar\/index.php?rest_route=%2Fwp%2Fv2%2Fcomments&post=14263"}],"version-history":[{"count":1,"href":"https:\/\/arroyitoonline.com.ar\/index.php?rest_route=\/wp\/v2\/posts\/14263\/revisions"}],"predecessor-version":[{"id":14265,"href":"https:\/\/arroyitoonline.com.ar\/index.php?rest_route=\/wp\/v2\/posts\/14263\/revisions\/14265"}],"wp:featuredmedia":[{"embeddable":true,"href":"https:\/\/arroyitoonline.com.ar\/index.php?rest_route=\/wp\/v2\/media\/14264"}],"wp:attachment":[{"href":"https:\/\/arroyitoonline.com.ar\/index.php?rest_route=%2Fwp%2Fv2%2Fmedia&parent=14263"}],"wp:term":[{"taxonomy":"category","embeddable":true,"href":"https:\/\/arroyitoonline.com.ar\/index.php?rest_route=%2Fwp%2Fv2%2Fcategories&post=14263"},{"taxonomy":"post_tag","embeddable":true,"href":"https:\/\/arroyitoonline.com.ar\/index.php?rest_route=%2Fwp%2Fv2%2Ftags&post=14263"}],"curies":[{"name":"wp","href":"https:\/\/api.w.org\/{rel}","templated":true}]}}