{"id":14268,"date":"2022-01-26T19:09:16","date_gmt":"2022-01-26T19:09:16","guid":{"rendered":"https:\/\/arroyitoonline.com.ar\/?p=14268"},"modified":"2022-01-26T19:10:55","modified_gmt":"2022-01-26T19:10:55","slug":"murio-el-conductor-de-una-moto-que-choco-con-un-camion","status":"publish","type":"post","link":"https:\/\/arroyitoonline.com.ar\/?p=14268","title":{"rendered":"Muri\u00f3 el conductor de una moto que choc\u00f3 con un cami\u00f3n"},"content":{"rendered":"\n<p><strong>Ocurri\u00f3 cerca del mediod\u00eda, en la intersecci\u00f3n de las avenidas Pont\u00edn y Moreno.<\/strong><\/p>\n\n\n\n<p>Esta ma\u00f1ana, a las 11:40 horas, solicitaron la presencia policial en la esquina de las avenidas Pont\u00edn y Mariano Moreno, donde se produjo un accidente de tr\u00e1nsito fatal. <\/p>\n\n\n\n<p>En el lugar, la Polic\u00eda constat\u00f3 que un cami\u00f3n Mercedes Axor, color blanco, conducido por un hombre 28 a\u00f1os, se trasladaba por Moreno con sentido de oeste a este. Cuando doblo por Pont\u00edn hacia el sur, por razones que tratan de establecerse, colision\u00f3 con una moto Brava Drag\u00f3n 110 cc, de color rojo, guiada por un hombre mayor de edad con domicilio en Arroyito. <\/p>\n\n\n\n<p>Producto del choque, el conductor del rodado menor perdi\u00f3 la vida en forma instant\u00e1nea. As\u00ed lo constat\u00f3 el Servicio de Emergencias del Hospital Municipal Carlos J. Rodr\u00edguez, que lleg\u00f3 al lugar.<\/p>\n\n\n\n<p>Trabajaron adem\u00e1s, dos dotaciones de Bomberos Voluntarios a cargo del suboficial Mayor Carlos Carnevale y Polic\u00eda Judicial de San Francisco, que realiz\u00f3 el levantamiento y traslado del cuerpo a la Morgue Judicial.<\/p>\n\n\n\n<p>Por \u00faltimo, hicieron entrega del procedimiento, con conocimiento e intervenci\u00f3n de la Fiscal\u00eda de Feria de la ciudad De Las Varillas.<\/p>\n\n\n\n<p>Fuente: informe del subcomisario Gaspar Baz\u00e1n | Jefe de la Comisar\u00eda de Distrito Arroyito.<\/p>\n\n\n\n<p>Foto: Asociaci\u00f3n Bomberos Voluntarios de Arroyito. <\/p>\n","protected":false},"excerpt":{"rendered":"<p>Ocurri\u00f3 cerca del mediod\u00eda, en la intersecci\u00f3n de las avenidas Pont\u00edn y Moreno. Esta ma\u00f1ana, a las 11:40 horas, solicitaron&hellip;<\/p>\n","protected":false},"author":3,"featured_media":14269,"comment_status":"closed","ping_status":"open","sticky":false,"template":"","format":"standard","meta":{"footnotes":""},"categories":[824],"tags":[66,67,836,127,128,129,1238,191,547,572,635,637,638,825,737],"class_list":["post-14268","post","type-post","status-publish","format-standard","has-post-thumbnail","hentry","category-policiales-online","tag-arroyito","tag-arroyito-cordoba","tag-arroyito-online","tag-bomberos-arroyito","tag-bomberos-de-arroyito","tag-bomberos-voluntarios","tag-camiones","tag-choque","tag-motos","tag-noticias-de-arroyito-y-zona","tag-policia","tag-policiales","tag-policiales-arroyito","tag-policiales-online","tag-siniestro-vial"],"_links":{"self":[{"href":"https:\/\/arroyitoonline.com.ar\/index.php?rest_route=\/wp\/v2\/posts\/14268","targetHints":{"allow":["GET"]}}],"collection":[{"href":"https:\/\/arroyitoonline.com.ar\/index.php?rest_route=\/wp\/v2\/posts"}],"about":[{"href":"https:\/\/arroyitoonline.com.ar\/index.php?rest_route=\/wp\/v2\/types\/post"}],"author":[{"embeddable":true,"href":"https:\/\/arroyitoonline.com.ar\/index.php?rest_route=\/wp\/v2\/users\/3"}],"replies":[{"embeddable":true,"href":"https:\/\/arroyitoonline.com.ar\/index.php?rest_route=%2Fwp%2Fv2%2Fcomments&post=14268"}],"version-history":[{"count":2,"href":"https:\/\/arroyitoonline.com.ar\/index.php?rest_route=\/wp\/v2\/posts\/14268\/revisions"}],"predecessor-version":[{"id":14271,"href":"https:\/\/arroyitoonline.com.ar\/index.php?rest_route=\/wp\/v2\/posts\/14268\/revisions\/14271"}],"wp:featuredmedia":[{"embeddable":true,"href":"https:\/\/arroyitoonline.com.ar\/index.php?rest_route=\/wp\/v2\/media\/14269"}],"wp:attachment":[{"href":"https:\/\/arroyitoonline.com.ar\/index.php?rest_route=%2Fwp%2Fv2%2Fmedia&parent=14268"}],"wp:term":[{"taxonomy":"category","embeddable":true,"href":"https:\/\/arroyitoonline.com.ar\/index.php?rest_route=%2Fwp%2Fv2%2Fcategories&post=14268"},{"taxonomy":"post_tag","embeddable":true,"href":"https:\/\/arroyitoonline.com.ar\/index.php?rest_route=%2Fwp%2Fv2%2Ftags&post=14268"}],"curies":[{"name":"wp","href":"https:\/\/api.w.org\/{rel}","templated":true}]}}