{"id":14281,"date":"2022-02-10T19:04:07","date_gmt":"2022-02-10T19:04:07","guid":{"rendered":"https:\/\/arroyitoonline.com.ar\/?p=14281"},"modified":"2022-02-10T19:04:10","modified_gmt":"2022-02-10T19:04:10","slug":"triple-siniestro-vial-en-la-francia-la-familia-de-la-fallecida-laura-funes-pide-justicia","status":"publish","type":"post","link":"https:\/\/arroyitoonline.com.ar\/?p=14281","title":{"rendered":"Triple siniestro vial en La Francia: la familia de la fallecida Laura Funes pide \u201cjusticia\u201d"},"content":{"rendered":"\n<p><strong>Reclaman que le inhabiliten la licencia de conducir a quien aquella noche manejaba una Amarok blanca, particip\u00f3 del choque y huy\u00f3.<\/strong><\/p>\n\n\n\n<p>En las \u00faltimas horas, familiares de Laura Esther Funes (57) \u2013<a href=\"https:\/\/arroyitoonline.com.ar\/info-online\/policiales-online\/fallecio-la-mujer-de-arroyito-involucrada-en-el-accidente-ocurrido-en-la-francia\/\" target=\"_blank\" rel=\"noreferrer noopener\">fallecida como consecuencia del triple impacto en ruta 19, a la altura de la localidad de la Francia, el pasado 22 de diciembre<\/a>&#8211; denunciaron de manera p\u00fablica que el conductor de una camioneta Volkswagen Amarok de color blanco, que particip\u00f3 del tr\u00e1gico accidente, contin\u00faa manejando otros autos.<\/p>\n\n\n\n<p>En este marco, el marido y las hijas de Funes reclaman que le retiren la licencia de conducir. Ya que la Justicia le habr\u00eda secuestrado la camioneta, pero no el carn\u00e9.<\/p>\n\n\n\n<figure class=\"wp-block-embed-wordpress aligncenter wp-block-embed is-type-wp-embed is-provider-arroyito-online\"><div class=\"wp-block-embed__wrapper\">\nhttps:\/\/arroyitoonline.com.ar\/info-online\/policiales-online\/fallecio-la-mujer-de-arroyito-involucrada-en-el-accidente-ocurrido-en-la-francia\/\n<\/div><\/figure>\n\n\n\n<p>Aquella noche, <em>\u201cuna persona que manejaba una camioneta Amarok, por causas que desconocemos, choc\u00f3 con un Gol Trend Gris. Este auto despist\u00f3, termin\u00f3 cruzando de v\u00eda, para luego impactar con el auto de mis pap\u00e1s.\u00a0 El auto de mis padres, que ven\u00eda por la v\u00eda contraria de la Amarok y el Gol Trend, fue impactado por este \u00faltimo y, a su vez, por otro auto que ven\u00eda por el mismo carril\u201d<\/em>, cont\u00f3 Laura \u00c1vila, hija de Funes, en sus redes sociales.<\/p>\n\n\n\n<p><em>\u201cLos accidentes suceden todo el tiempo. Pero, muchos no son para nada accidentes. Y, por eso, hoy recurro a ustedes para hacer visible mi reclamo de justicia\u201d<\/em>, continu\u00f3 relatando Laura.<\/p>\n\n\n\n<p>Adem\u00e1s, la joven agreg\u00f3 que <em>\u201cLa persona que manejaba la Amarok blanca, a quien no podemos nombrar por disposiciones judiciales, choc\u00f3 y escap\u00f3, despu\u00e9s de ver que produjo un accidente entre tres autos, adem\u00e1s del propio. En el momento, falleci\u00f3 una persona. Al d\u00eda siguiente, un d\u00eda antes de Navidad, falleci\u00f3 mi mam\u00e1. 15 d\u00edas m\u00e1s tarde, fallece tambi\u00e9n otro de los conductores\u201d<\/em>.<\/p>\n\n\n\n<p>Por \u00faltimo, asever\u00f3 que <em>\u201cNecesitamos que nuestro reclamo sea escuchado. Necesitamos que la Justicia act\u00fae para que a este hombre le inhabiliten la licencia de conducir. Que no queden impunes las muertes de tres personas. Que no quede impune el hecho de que se fue y se present\u00f3 cinco d\u00edas m\u00e1s tarde y neg\u00e1ndose a declarar\u201d<\/em>.<\/p>\n\n\n\n<p>Foto de portada: Luis Arias. <\/p>\n","protected":false},"excerpt":{"rendered":"<p>Reclaman que le inhabiliten la licencia de conducir a quien aquella noche manejaba una Amarok blanca, particip\u00f3 del choque y&hellip;<\/p>\n","protected":false},"author":3,"featured_media":14149,"comment_status":"closed","ping_status":"open","sticky":false,"template":"","format":"standard","meta":{"footnotes":""},"categories":[824],"tags":[66,67,836,191,485,548,572,635,637,638,825,737],"class_list":["post-14281","post","type-post","status-publish","format-standard","has-post-thumbnail","hentry","category-policiales-online","tag-arroyito","tag-arroyito-cordoba","tag-arroyito-online","tag-choque","tag-la-francia","tag-muerte","tag-noticias-de-arroyito-y-zona","tag-policia","tag-policiales","tag-policiales-arroyito","tag-policiales-online","tag-siniestro-vial"],"_links":{"self":[{"href":"https:\/\/arroyitoonline.com.ar\/index.php?rest_route=\/wp\/v2\/posts\/14281","targetHints":{"allow":["GET"]}}],"collection":[{"href":"https:\/\/arroyitoonline.com.ar\/index.php?rest_route=\/wp\/v2\/posts"}],"about":[{"href":"https:\/\/arroyitoonline.com.ar\/index.php?rest_route=\/wp\/v2\/types\/post"}],"author":[{"embeddable":true,"href":"https:\/\/arroyitoonline.com.ar\/index.php?rest_route=\/wp\/v2\/users\/3"}],"replies":[{"embeddable":true,"href":"https:\/\/arroyitoonline.com.ar\/index.php?rest_route=%2Fwp%2Fv2%2Fcomments&post=14281"}],"version-history":[{"count":1,"href":"https:\/\/arroyitoonline.com.ar\/index.php?rest_route=\/wp\/v2\/posts\/14281\/revisions"}],"predecessor-version":[{"id":14283,"href":"https:\/\/arroyitoonline.com.ar\/index.php?rest_route=\/wp\/v2\/posts\/14281\/revisions\/14283"}],"wp:featuredmedia":[{"embeddable":true,"href":"https:\/\/arroyitoonline.com.ar\/index.php?rest_route=\/wp\/v2\/media\/14149"}],"wp:attachment":[{"href":"https:\/\/arroyitoonline.com.ar\/index.php?rest_route=%2Fwp%2Fv2%2Fmedia&parent=14281"}],"wp:term":[{"taxonomy":"category","embeddable":true,"href":"https:\/\/arroyitoonline.com.ar\/index.php?rest_route=%2Fwp%2Fv2%2Fcategories&post=14281"},{"taxonomy":"post_tag","embeddable":true,"href":"https:\/\/arroyitoonline.com.ar\/index.php?rest_route=%2Fwp%2Fv2%2Ftags&post=14281"}],"curies":[{"name":"wp","href":"https:\/\/api.w.org\/{rel}","templated":true}]}}