{"id":14284,"date":"2022-02-11T14:56:14","date_gmt":"2022-02-11T14:56:14","guid":{"rendered":"https:\/\/arroyitoonline.com.ar\/?p=14284"},"modified":"2022-02-11T15:00:30","modified_gmt":"2022-02-11T15:00:30","slug":"profundo-pesar-por-la-prematura-muerte-del-automovilista-ivan-badino","status":"publish","type":"post","link":"https:\/\/arroyitoonline.com.ar\/?p=14284","title":{"rendered":"Profundo pesar por la prematura muerte del automovilista Iv\u00e1n Badino"},"content":{"rendered":"\n<p><strong>El sorpresivo fallecimiento de <em>&#8220;Vam Vam&#8221;<\/em> lleg\u00f3 ayer, a sus 40 a\u00f1os, causando conmoci\u00f3n entre sus allegados y toda la sociedad.<\/strong><\/p>\n\n\n\n<p>En un viernes gris por donde se lo mire, se conoci\u00f3 la lamentable noticia del fallecimiento del automovilista de Arroyito, Iv\u00e1n Badino. La prematura muerte del reconocido <em>&#8220;Vam Vam&#8221;<\/em> lleg\u00f3 ayer a los 40 a\u00f1os y causa conmoci\u00f3n entre sus allegados y toda la sociedad. En las redes sociales, sus afectos lo despiden con pesar. <\/p>\n\n\n\n<p>De acuerdo a lo informado por Asociaci\u00f3n Mutual Arroyito, el sepelio de Iv\u00e1n Badino ser\u00e1 este viernes 11 a las 12:00 horas en el Cementerio local, previo oficio religioso de cuerpo presente en la Parroquia Nuestra Se\u00f1ora de la Merced. En este marco, rogaron <em>&#8220;no enviar flores&#8221;<\/em>.<\/p>\n\n\n\n<p><strong>Pasi\u00f3n por <strong>\u201clos fierros\u201d<\/strong><\/strong><\/p>\n\n\n\n<p><strong>La pasi\u00f3n de Iv\u00e1n por \u201clos fierros\u201d comenz\u00f3 desde muy peque\u00f1o, por herencia de N\u00e9stor Badino<\/strong>, una leyenda de los circuitos locales y regionales que lo llev\u00f3 a desandar&nbsp;<strong>desde chico el ambiente del automovilismo local, regional, provincial y nacional.<\/strong><\/p>\n\n\n\n<p>Desde muy joven&nbsp;<strong>empez\u00f3 con el karting donde se destac\u00f3. Pasados los 20 a\u00f1os<\/strong>, y luego de un alejamiento de las pistas, <strong>comenz\u00f3 a correr en el recordado C\u00f3rdoba Tierra<\/strong>, en el Turismo Promocional 1100.<\/p>\n\n\n\n<figure class=\"wp-block-image\"><img decoding=\"async\" src=\"https:\/\/viapais.com.ar\/resizer\/BVCAhuTJtGtjpJlAmCSO064tqqw=\/982x654\/smart\/cloudfront-us-east-1.images.arcpublishing.com\/grupoclarin\/ZDMBZSBSTVBWPPHZ7B7FHRBOIM.jpg\" alt=\"Iv\u00e1n Badino piloto Arroyito\"\/><figcaption>Iv\u00e1n Badino piloto Arroyito Foto: Prensa Automovilismo<\/figcaption><\/figure>\n\n\n\n<p><strong>M\u00e1s all\u00e1 de que en las primeras carreras sufri\u00f3 algunos accidentes<\/strong>&nbsp;propios de la inexperiencia y la ansiedad en las pistas de tierra, superficie complicada para manejar,&nbsp;<strong>se notaba que Badino ten\u00eda aptitudes que lo convert\u00edan en un piloto de carreras.<\/strong><\/p>\n\n\n\n<p>Iv\u00e1n&nbsp;<strong>empez\u00f3 a ganar protagonismo en la categor\u00eda<\/strong>&nbsp;y llegaron los primeros triunfos y las competencias en la ciudad de Arroyito donde anduvo lo mejor que pudo y&nbsp;<strong>lleg\u00f3 el campeonato en el Turismo Promocional 1100.<\/strong><\/p>\n\n\n\n<div class=\"wp-block-image\"><figure class=\"aligncenter\"><img decoding=\"async\" src=\"https:\/\/viapais.com.ar\/resizer\/gCNZCGCOHYNaYeuDhhXz3SeijnQ=\/982x593\/smart\/cloudfront-us-east-1.images.arcpublishing.com\/grupoclarin\/LMENSEWIMRCKBPSCICXQZXPQSU.jpg\" alt=\"Iv\u00e1n Badino piloto Arroyito\"\/><figcaption>Iv\u00e1n Badino piloto Arroyito Foto: Prensa Automovilismo<\/figcaption><\/figure><\/div>\n\n\n\n<p>Entonces, <strong>luego de casi tres a\u00f1os, dio el salto a la pista. All\u00ed comenz\u00f3 a destacarse en el C\u00f3rdoba Pista, en la Clase 1<\/strong>. La experiencia y los a\u00f1os de \u201cla tierra\u201d le hab\u00edan dado mucha m\u00e1s confianza y conocimiento a la hora de manejar.&nbsp;<strong>All\u00ed fue campe\u00f3n tambi\u00e9n en lo que fue una consagraci\u00f3n hist\u00f3rica para el automovilismo de Arroyito.<\/strong><\/p>\n\n\n\n<div class=\"wp-block-image\"><figure class=\"aligncenter\"><img decoding=\"async\" src=\"https:\/\/viapais.com.ar\/resizer\/5AeVBr-O1kwYhjbnNMwpMbE9MC0=\/982x736\/smart\/cloudfront-us-east-1.images.arcpublishing.com\/grupoclarin\/EGHOQ4KXJZEXZBMQUHIEJNRA5I.jpeg\" alt=\"Iv\u00e1n Badino piloto Arroyito\"\/><figcaption>Iv\u00e1n Badino piloto Arroyito Foto: Prensa Automovilismo<\/figcaption><\/figure><\/div>\n\n\n\n<p>La&nbsp;<strong>continuidad de su carrera deportiva fue en el S\u00faper Turismo y la Clase 3 del C\u00f3rdoba Pista<\/strong>. De all\u00ed estuvo casi un a\u00f1o alejado de los circuitos y&nbsp;<strong>luego paso a correr en las categor\u00edas agrupadas en el Capicor: lo hizo en el Promocional y, sobre todo, en la Clase 3 1.6<\/strong>, categor\u00eda que era nueva en al automovilismo cordob\u00e9s.<\/p>\n\n\n\n<div class=\"wp-block-image\"><figure class=\"aligncenter\"><img decoding=\"async\" src=\"https:\/\/viapais.com.ar\/resizer\/H8liCYeyFfLXb9WkP1FfXebM1x0=\/982x685\/smart\/cloudfront-us-east-1.images.arcpublishing.com\/grupoclarin\/WBVPJLI5UVATTDGNNEZWJKU254.jpeg\" alt=\"Iv\u00e1n Badino piloto Arroyito\"\/><figcaption>Iv\u00e1n Badino piloto Arroyito Foto: Prensa Automovilismo<\/figcaption><\/figure><\/div>\n\n\n\n<p><strong>Sus \u00faltimos contactos con los fierros fueron junto a Braian Signorile,&nbsp;<\/strong>como asistente de pista cuando este joven piloto participaba de la Clase 1 del C\u00f3rdoba Pista.<\/p>\n\n\n\n<p><strong>Cualquiera que piense a Iv\u00e1n Badino recordar\u00e1 a una buena persona&nbsp;<\/strong>y&nbsp;<strong>a un \u201cfierrero de ley\u201d;&nbsp;<\/strong>que lo primero que te dec\u00eda por estos tiempos era <em>\u201c<strong>ya voy a volver\u201d<\/strong><\/em><strong> me estoy preparando\u2026<\/strong><\/p>\n\n\n\n<p><em>Agradecemos la informaci\u00f3n, gentileza de Juli\u00e1n Taborda para V\u00eda Arroyito.<\/em><\/p>\n\n\n\n<p>Foto de portada: V\u00eda Arroyito.<\/p>\n","protected":false},"excerpt":{"rendered":"<p>El sorpresivo fallecimiento de &#8220;Vam Vam&#8221; lleg\u00f3 ayer, a sus 40 a\u00f1os, causando conmoci\u00f3n entre sus allegados y toda la&hellip;<\/p>\n","protected":false},"author":3,"featured_media":14285,"comment_status":"closed","ping_status":"open","sticky":false,"template":"","format":"standard","meta":{"footnotes":""},"categories":[900],"tags":[66,67,836,85,277,548,571,572],"class_list":["post-14284","post","type-post","status-publish","format-standard","has-post-thumbnail","hentry","category-noticias","tag-arroyito","tag-arroyito-cordoba","tag-arroyito-online","tag-automovilismo","tag-deportes","tag-muerte","tag-noticia","tag-noticias-de-arroyito-y-zona"],"_links":{"self":[{"href":"https:\/\/arroyitoonline.com.ar\/index.php?rest_route=\/wp\/v2\/posts\/14284","targetHints":{"allow":["GET"]}}],"collection":[{"href":"https:\/\/arroyitoonline.com.ar\/index.php?rest_route=\/wp\/v2\/posts"}],"about":[{"href":"https:\/\/arroyitoonline.com.ar\/index.php?rest_route=\/wp\/v2\/types\/post"}],"author":[{"embeddable":true,"href":"https:\/\/arroyitoonline.com.ar\/index.php?rest_route=\/wp\/v2\/users\/3"}],"replies":[{"embeddable":true,"href":"https:\/\/arroyitoonline.com.ar\/index.php?rest_route=%2Fwp%2Fv2%2Fcomments&post=14284"}],"version-history":[{"count":2,"href":"https:\/\/arroyitoonline.com.ar\/index.php?rest_route=\/wp\/v2\/posts\/14284\/revisions"}],"predecessor-version":[{"id":14287,"href":"https:\/\/arroyitoonline.com.ar\/index.php?rest_route=\/wp\/v2\/posts\/14284\/revisions\/14287"}],"wp:featuredmedia":[{"embeddable":true,"href":"https:\/\/arroyitoonline.com.ar\/index.php?rest_route=\/wp\/v2\/media\/14285"}],"wp:attachment":[{"href":"https:\/\/arroyitoonline.com.ar\/index.php?rest_route=%2Fwp%2Fv2%2Fmedia&parent=14284"}],"wp:term":[{"taxonomy":"category","embeddable":true,"href":"https:\/\/arroyitoonline.com.ar\/index.php?rest_route=%2Fwp%2Fv2%2Fcategories&post=14284"},{"taxonomy":"post_tag","embeddable":true,"href":"https:\/\/arroyitoonline.com.ar\/index.php?rest_route=%2Fwp%2Fv2%2Ftags&post=14284"}],"curies":[{"name":"wp","href":"https:\/\/api.w.org\/{rel}","templated":true}]}}