{"id":14299,"date":"2022-02-16T14:31:06","date_gmt":"2022-02-16T14:31:06","guid":{"rendered":"https:\/\/arroyitoonline.com.ar\/?p=14299"},"modified":"2022-02-16T14:31:06","modified_gmt":"2022-02-16T14:31:06","slug":"detuvieron-a-hombre-que-amenazaba-a-otros-con-un-cuchillo-tipo-facon","status":"publish","type":"post","link":"https:\/\/arroyitoonline.com.ar\/?p=14299","title":{"rendered":"Detuvieron a hombre que amenazaba a otros con un cuchillo tipo fac\u00f3n"},"content":{"rendered":"\n<p><strong>Ocurri\u00f3 en un bar ubicado sobre calle 9 de Julio. El sujeto tiene 30 a\u00f1os y es oriundo de zona rural de Marull.<\/strong><\/p>\n\n\n\n<p>Alrededor de las 3:00 de la madrugada del jueves pasado, la Polic\u00eda recibi\u00f3 un llamado a la l\u00ednea de emergencias solicitando presencia policial en un bar ubicado sobre calle 9 de Julio, propiedad de una mujer de 38 a\u00f1os. <\/p>\n\n\n\n<p>Los polic\u00edas que acudieron al lugar constataron que se encontraba un hombre de 30 a\u00f1os oriundo de la zona rural de Marull, el cual ten\u00eda consigo un cuchillo tipo fac\u00f3n, con el que hab\u00eda amenazado a otras personas. <\/p>\n\n\n\n<p>Uniformados procedieron a la detenci\u00f3n del sujeto y su traslado a la Comisar\u00eda, donde qued\u00f3 alojado a disposici\u00f3n de Fiscal\u00eda de Instrucci\u00f3n de Arroyito. A su vez, decomisaron tanto el arma blanca como el rodado en el que circulaba, trat\u00e1ndose de un Toyota Etios de color gris.<\/p>\n\n\n\n<p>Fuente: secci\u00f3n Prensa UR Departamental San Justo. <\/p>\n","protected":false},"excerpt":{"rendered":"<p>Ocurri\u00f3 en un bar ubicado sobre calle 9 de Julio. El sujeto tiene 30 a\u00f1os y es oriundo de zona&hellip;<\/p>\n","protected":false},"author":3,"featured_media":8867,"comment_status":"closed","ping_status":"open","sticky":false,"template":"","format":"standard","meta":{"footnotes":""},"categories":[824],"tags":[921,66,67,836,572,635,637,638,825],"class_list":["post-14299","post","type-post","status-publish","format-standard","has-post-thumbnail","hentry","category-policiales-online","tag-amenaza","tag-arroyito","tag-arroyito-cordoba","tag-arroyito-online","tag-noticias-de-arroyito-y-zona","tag-policia","tag-policiales","tag-policiales-arroyito","tag-policiales-online"],"_links":{"self":[{"href":"https:\/\/arroyitoonline.com.ar\/index.php?rest_route=\/wp\/v2\/posts\/14299","targetHints":{"allow":["GET"]}}],"collection":[{"href":"https:\/\/arroyitoonline.com.ar\/index.php?rest_route=\/wp\/v2\/posts"}],"about":[{"href":"https:\/\/arroyitoonline.com.ar\/index.php?rest_route=\/wp\/v2\/types\/post"}],"author":[{"embeddable":true,"href":"https:\/\/arroyitoonline.com.ar\/index.php?rest_route=\/wp\/v2\/users\/3"}],"replies":[{"embeddable":true,"href":"https:\/\/arroyitoonline.com.ar\/index.php?rest_route=%2Fwp%2Fv2%2Fcomments&post=14299"}],"version-history":[{"count":1,"href":"https:\/\/arroyitoonline.com.ar\/index.php?rest_route=\/wp\/v2\/posts\/14299\/revisions"}],"predecessor-version":[{"id":14300,"href":"https:\/\/arroyitoonline.com.ar\/index.php?rest_route=\/wp\/v2\/posts\/14299\/revisions\/14300"}],"wp:featuredmedia":[{"embeddable":true,"href":"https:\/\/arroyitoonline.com.ar\/index.php?rest_route=\/wp\/v2\/media\/8867"}],"wp:attachment":[{"href":"https:\/\/arroyitoonline.com.ar\/index.php?rest_route=%2Fwp%2Fv2%2Fmedia&parent=14299"}],"wp:term":[{"taxonomy":"category","embeddable":true,"href":"https:\/\/arroyitoonline.com.ar\/index.php?rest_route=%2Fwp%2Fv2%2Fcategories&post=14299"},{"taxonomy":"post_tag","embeddable":true,"href":"https:\/\/arroyitoonline.com.ar\/index.php?rest_route=%2Fwp%2Fv2%2Ftags&post=14299"}],"curies":[{"name":"wp","href":"https:\/\/api.w.org\/{rel}","templated":true}]}}