{"id":14303,"date":"2022-02-25T14:30:00","date_gmt":"2022-02-25T14:30:00","guid":{"rendered":"https:\/\/arroyitoonline.com.ar\/?p=14303"},"modified":"2022-03-02T14:44:26","modified_gmt":"2022-03-02T14:44:26","slug":"quedo-inaugurado-el-nuevo-vacunatorio-covid-y-el-municipio-reconocio-a-las-heroinas-de-la-pandemia","status":"publish","type":"post","link":"https:\/\/arroyitoonline.com.ar\/?p=14303","title":{"rendered":"Qued\u00f3 inaugurado el nuevo vacunatorio Covid y el Municipio reconoci\u00f3 a las &#8220;Hero\u00ednas de la pandemia&#8221;"},"content":{"rendered":"\n<p><strong>El remodelado espacio est\u00e1 ubicado en Sarmiento 940, donde funcionaba la ex-Cl\u00ednica Regional. <\/strong><\/p>\n\n\n\n<p>En la noche del pasado mi\u00e9rcoles 23 de febrero,&nbsp;<strong>el Gobierno Municipal dej\u00f3 inaugurado el nuevo Vacunatorio Covid. Se trata del espacio donde funcionaba la Cl\u00ednica Regional<\/strong> reformado. All\u00ed continuar\u00e1 la campa\u00f1a de vacunaci\u00f3n en lo que resta de este a\u00f1o. <\/p>\n\n\n\n<p>En este marco, el intendente Gustavo Benedetti, juntamente con su equipo del Gobierno, les otorg\u00f3 el t\u00edtulo de <em>\u201cHero\u00ednas de la Pandemia\u201d<\/em> a todas las integrantes del equipo liderado por la m\u00e9dica Infect\u00f3loga M\u00f3nica Rodr\u00edguez, a cargo del vacunatorio. <\/p>\n\n\n\n<p>Fue un emotivo acto con reconocimientos al personal que estuvo trabajando en pandemia, destacando a las vacunadoras, registradoras, choferes y todas las \u00e1reas involucradas en materia de inoculaci\u00f3n.<\/p>\n\n\n\n<p><em>El acto<\/em><\/p>\n\n\n\n<p>La jefa de Inmunizaciones, M\u00f3nica Rodr\u00edguez, hizo un recorrido desde el primer d\u00eda de la pandemia hasta la llegada de las vacunas y lo vivido en cada operativo. Rodr\u00edguez destac\u00f3 y agradeci\u00f3 el trabajo inmenso de su equipo: vacunadoras, registradoras, maestranza y personal municipal que acompa\u00f1\u00f3 cada acci\u00f3n que se realiz\u00f3.&nbsp;<strong>La doctora llam\u00f3 a la toma de conciencia, ya que la pandemia no termin\u00f3 y por eso debemos seguir cuid\u00e1ndonos.<\/strong><\/p>\n\n\n\n<div class=\"wp-block-image\"><figure class=\"aligncenter size-large\"><img loading=\"lazy\" decoding=\"async\" width=\"1024\" height=\"682\" src=\"https:\/\/arroyitoonline.com.ar\/wp-content\/uploads\/2022\/03\/m\u00f3nica-rodr\u00edguez-1024x682.jpeg\" alt=\"\" class=\"wp-image-14307\" srcset=\"https:\/\/arroyitoonline.com.ar\/wp-content\/uploads\/2022\/03\/m\u00f3nica-rodr\u00edguez-1024x682.jpeg 1024w, https:\/\/arroyitoonline.com.ar\/wp-content\/uploads\/2022\/03\/m\u00f3nica-rodr\u00edguez-300x200.jpeg 300w, https:\/\/arroyitoonline.com.ar\/wp-content\/uploads\/2022\/03\/m\u00f3nica-rodr\u00edguez-768x512.jpeg 768w, https:\/\/arroyitoonline.com.ar\/wp-content\/uploads\/2022\/03\/m\u00f3nica-rodr\u00edguez.jpeg 1388w\" sizes=\"auto, (max-width: 1024px) 100vw, 1024px\" \/><figcaption><em>El Gobierno Municipal reconoci\u00f3 a Rodr\u00edguez y su equipo como &#8220;Hero\u00ednas de la Pandemia&#8221;<\/em><\/figcaption><\/figure><\/div>\n\n\n\n<p><strong>Tambi\u00e9n agradeci\u00f3<em> &#8220;el apoyo, acompa\u00f1amiento y sostenimiento&#8221;<\/em> que recibi\u00f3 de parte del intendente Benedetti y su Gobierno. Por \u00faltimo, destac\u00f3 la gran ayuda recibida por el padre Gabriel Camusso, que cedi\u00f3 las instalaciones del sal\u00f3n parroquial durante m\u00e1s de un a\u00f1o<\/strong>. <\/p>\n\n\n\n<figure class=\"wp-block-embed-instagram aligncenter wp-block-embed is-type-rich is-provider-instagram\"><div class=\"wp-block-embed__wrapper\">\nhttps:\/\/www.instagram.com\/tv\/CaVlvGFDRQG\/?utm_source=ig_web_copy_link\n<\/div><\/figure>\n\n\n\n<p>Luego, habl\u00f3 el primer mandatario local, que se sum\u00f3 a las palabras de Rodr\u00edguez, agradeciendo, felicitando y remarcando que para ning\u00fan gobernante fue f\u00e1cil tomar decisiones en pandemia pero con el compromiso de todos y teniendo como bandera el bien com\u00fan Arroyito, que fue <em>&#8220;una de las ciudades que mejor sobrepas\u00f3 los peores momentos de esta pandemia, porque se prioriz\u00f3 el trabajo articulado&#8221;<\/em>.<\/p>\n\n\n\n<p>Durante el desarrollo del acto,<strong>&nbsp;entregaron reconocimientos a enfermeras con el t\u00edtulo de \u201cHero\u00ednas de la Pandemia\u201d,<\/strong>&nbsp;a las registradoras que durante horas llenaron carnets y cargaron datos en el sistema, a los choferes que fueron a buscar las dosis, al equipo CEA que organiz\u00f3 la distribuci\u00f3n de ubicaciones de los vecinos antes de ser inoculados y todos los agentes municipales que se comprometieron con el espacio.<\/p>\n\n\n\n<p>Pronto, se sumar\u00e1n homenajes del mismo tipo para el personal del hospital municipal, guardias respiratoria y ciudadana, m\u00e9dicos, bromatolog\u00eda, puestos de control, inspectores de tr\u00e1nsito; entre tantos agentes municipales que fueron voluntarios en esta \u00e9poca tan dif\u00edcil para todos.<\/p>\n","protected":false},"excerpt":{"rendered":"<p>El remodelado espacio est\u00e1 ubicado en Sarmiento 940, donde funcionaba la ex-Cl\u00ednica Regional. En la noche del pasado mi\u00e9rcoles 23&hellip;<\/p>\n","protected":false},"author":3,"featured_media":14304,"comment_status":"closed","ping_status":"open","sticky":false,"template":"","format":"standard","meta":{"footnotes":""},"categories":[9],"tags":[66,67,836,572,706,790,1219],"class_list":["post-14303","post","type-post","status-publish","format-standard","has-post-thumbnail","hentry","category-infosalud","tag-arroyito","tag-arroyito-cordoba","tag-arroyito-online","tag-noticias-de-arroyito-y-zona","tag-salud","tag-vacunacion","tag-vacunacion-covid-19"],"_links":{"self":[{"href":"https:\/\/arroyitoonline.com.ar\/index.php?rest_route=\/wp\/v2\/posts\/14303","targetHints":{"allow":["GET"]}}],"collection":[{"href":"https:\/\/arroyitoonline.com.ar\/index.php?rest_route=\/wp\/v2\/posts"}],"about":[{"href":"https:\/\/arroyitoonline.com.ar\/index.php?rest_route=\/wp\/v2\/types\/post"}],"author":[{"embeddable":true,"href":"https:\/\/arroyitoonline.com.ar\/index.php?rest_route=\/wp\/v2\/users\/3"}],"replies":[{"embeddable":true,"href":"https:\/\/arroyitoonline.com.ar\/index.php?rest_route=%2Fwp%2Fv2%2Fcomments&post=14303"}],"version-history":[{"count":4,"href":"https:\/\/arroyitoonline.com.ar\/index.php?rest_route=\/wp\/v2\/posts\/14303\/revisions"}],"predecessor-version":[{"id":14313,"href":"https:\/\/arroyitoonline.com.ar\/index.php?rest_route=\/wp\/v2\/posts\/14303\/revisions\/14313"}],"wp:featuredmedia":[{"embeddable":true,"href":"https:\/\/arroyitoonline.com.ar\/index.php?rest_route=\/wp\/v2\/media\/14304"}],"wp:attachment":[{"href":"https:\/\/arroyitoonline.com.ar\/index.php?rest_route=%2Fwp%2Fv2%2Fmedia&parent=14303"}],"wp:term":[{"taxonomy":"category","embeddable":true,"href":"https:\/\/arroyitoonline.com.ar\/index.php?rest_route=%2Fwp%2Fv2%2Fcategories&post=14303"},{"taxonomy":"post_tag","embeddable":true,"href":"https:\/\/arroyitoonline.com.ar\/index.php?rest_route=%2Fwp%2Fv2%2Ftags&post=14303"}],"curies":[{"name":"wp","href":"https:\/\/api.w.org\/{rel}","templated":true}]}}