{"id":14315,"date":"2022-03-02T14:57:42","date_gmt":"2022-03-02T14:57:42","guid":{"rendered":"https:\/\/arroyitoonline.com.ar\/?p=14315"},"modified":"2022-03-02T14:57:44","modified_gmt":"2022-03-02T14:57:44","slug":"se-extienden-las-inscripciones-para-el-curso-de-formacion-de-cuidadores-domiciliarios","status":"publish","type":"post","link":"https:\/\/arroyitoonline.com.ar\/?p=14315","title":{"rendered":"Se extienden las inscripciones para el Curso de Formaci\u00f3n de Cuidadores Domiciliarios"},"content":{"rendered":"\n<p><strong>Las inscripciones para esta capacitaci\u00f3n gratuita est\u00e1n abiertas hasta el viernes 4 de marzo inclusive. <\/strong><\/p>\n\n\n\n<p>Atentos a los cuidados de la tercera edad, se realiza por primera vez en Arroyito, el Curso de Formaci\u00f3n de Cuidadores\/as Domiciliarios\/as. La capacitaci\u00f3n est\u00e1 organizada en forma conjunta por el Ministerio de Desarrollo Social (MDS), a trav\u00e9s de la Direcci\u00f3n Nacional de Pol\u00edticas para Adultos Mayores (Dinapam) de la Secretar\u00eda Nacional de Ni\u00f1ez, Adolescencia y Familia (Sennaf), y la Federaci\u00f3n de Mutuales de C\u00f3rdoba (Femucor), desarrollado a trav\u00e9s del Gobierno Municipal, Asociaci\u00f3n Mutual Arroyito y Asociaci\u00f3n Mutual de Socios Coop. De Viviendas, Obras y Scios. P\u00fablicos y Sociales de Santiago Temple LTDA.<\/p>\n\n\n\n<figure class=\"wp-block-embed-instagram aligncenter wp-block-embed is-type-rich is-provider-instagram\"><div class=\"wp-block-embed__wrapper\">\nhttps:\/\/www.instagram.com\/p\/CaaClR1LQ3M\/?utm_source=ig_web_copy_link\n<\/div><\/figure>\n\n\n\n<p>Las inscripciones se encuentran abiertas hasta el viernes 4 de marzo inclusive. Est\u00e1n disponibles en Mesa de entrada de la Municipalidad de Arroyito y en AMA, de 8:00 a 13:00 horas. <\/p>\n\n\n\n<p>Adem\u00e1s, la ficha se encuentra en versi\u00f3n digital. Pueden completarla ingresando aqu\u00ed: https:\/\/forms.gle\/Y2qVmzchY6HqC5Wp6<\/p>\n\n\n\n<p>Informaci\u00f3n importante para la inscripci\u00f3n:<\/p>\n\n\n\n<p>Deber\u00e1 adjuntar certificado de estudios (m\u00ednimo primario). En caso de no tenerlo, consultar en la escuela donde curs\u00f3 y solicitar un certificado. SIN EXCEPCI\u00d3N.<\/p>\n\n\n\n<p>La duraci\u00f3n del curso es de cuatro meses comenzando el 15 de marzo y finalizando el 15 de julio.<\/p>\n\n\n\n<p>Si ya complet\u00f3 el formulario impreso, NO es necesario hacerlo de modo virtual.<\/p>\n\n\n\n<p>El curso es del tipo universitario. Deber\u00e1n contar con tiempo suficiente para cursar y estudiar. Ser\u00e1 modalidad mixta: virtual y presencial. D\u00edas y horarios a confirmar seg\u00fan disponibilidad del grupo seleccionado.<\/p>\n\n\n\n<p>Luego de la inscripci\u00f3n, ser\u00e1 evaluado el perfil del postulante por el equipo de coordinaci\u00f3n. Si el perfil es apto, ser\u00e1 llamado a una entrevista presencial.<\/p>\n\n\n\n<p>Los coordinadores son profesionales id\u00f3neos seleccionados por el Ministerio de Desarrollo Social de la Naci\u00f3n.<\/p>\n\n\n\n<p>M\u00e1s informaci\u00f3n disponible en las entidades correspondientes:\u00a0Municipio Arroyito\u00a0\u2013\u00a0AMA\u00a0\u2013 Mutual Santiago Temple.<\/p>\n\n\n\n<p><em>\u00bfCu\u00e1les son las tareas de los cuidadores domiciliarios? <\/em><\/p>\n\n\n\n<p>\u25aa\ufe0fAcompa\u00f1amiento y asesoramiento en todas las actividades de la vida diaria.<br>\u25aa\ufe0fAdministraci\u00f3n de medicamentos indicados por profesionales.<br>\u25aa\ufe0fPreparaci\u00f3n de alimentos.<br>\u25aa\ufe0fIngesta asistida.<br>\u25aa\ufe0fHigiene y confort.<br>\u25aa\ufe0fAutocuidado de la persona mayor.<br>\u25aa\ufe0fUso del tiempo libre, actividades recreativas y ocupacionales acorde a sus posibilidades.<br>\u25aa\ufe0fColaboraci\u00f3n en las pr\u00e1cticas indicadas por el profesional.<br>\u25aa\ufe0fDetecci\u00f3n de barreras arquitect\u00f3nicas. Adecuaci\u00f3n de h\u00e1bitat.<br>\u25aa\ufe0fPrevenci\u00f3n de accidentes.<br>\u25aa\ufe0fPrevenci\u00f3n del s\u00edndrome de burnout.<\/p>\n","protected":false},"excerpt":{"rendered":"<p>Las inscripciones para esta capacitaci\u00f3n gratuita est\u00e1n abiertas hasta el viernes 4 de marzo inclusive. Atentos a los cuidados de&hellip;<\/p>\n","protected":false},"author":3,"featured_media":14316,"comment_status":"closed","ping_status":"open","sticky":false,"template":"","format":"standard","meta":{"footnotes":""},"categories":[830],"tags":[66,67,836,79,1301,265,310,556,572],"class_list":["post-14315","post","type-post","status-publish","format-standard","has-post-thumbnail","hentry","category-educacion-online","tag-arroyito","tag-arroyito-cordoba","tag-arroyito-online","tag-asociacion-mutual-arroyito","tag-cuidadores-domiciliarios","tag-curso","tag-educacion","tag-municipalidad-de-arroyito","tag-noticias-de-arroyito-y-zona"],"_links":{"self":[{"href":"https:\/\/arroyitoonline.com.ar\/index.php?rest_route=\/wp\/v2\/posts\/14315","targetHints":{"allow":["GET"]}}],"collection":[{"href":"https:\/\/arroyitoonline.com.ar\/index.php?rest_route=\/wp\/v2\/posts"}],"about":[{"href":"https:\/\/arroyitoonline.com.ar\/index.php?rest_route=\/wp\/v2\/types\/post"}],"author":[{"embeddable":true,"href":"https:\/\/arroyitoonline.com.ar\/index.php?rest_route=\/wp\/v2\/users\/3"}],"replies":[{"embeddable":true,"href":"https:\/\/arroyitoonline.com.ar\/index.php?rest_route=%2Fwp%2Fv2%2Fcomments&post=14315"}],"version-history":[{"count":1,"href":"https:\/\/arroyitoonline.com.ar\/index.php?rest_route=\/wp\/v2\/posts\/14315\/revisions"}],"predecessor-version":[{"id":14318,"href":"https:\/\/arroyitoonline.com.ar\/index.php?rest_route=\/wp\/v2\/posts\/14315\/revisions\/14318"}],"wp:featuredmedia":[{"embeddable":true,"href":"https:\/\/arroyitoonline.com.ar\/index.php?rest_route=\/wp\/v2\/media\/14316"}],"wp:attachment":[{"href":"https:\/\/arroyitoonline.com.ar\/index.php?rest_route=%2Fwp%2Fv2%2Fmedia&parent=14315"}],"wp:term":[{"taxonomy":"category","embeddable":true,"href":"https:\/\/arroyitoonline.com.ar\/index.php?rest_route=%2Fwp%2Fv2%2Fcategories&post=14315"},{"taxonomy":"post_tag","embeddable":true,"href":"https:\/\/arroyitoonline.com.ar\/index.php?rest_route=%2Fwp%2Fv2%2Ftags&post=14315"}],"curies":[{"name":"wp","href":"https:\/\/api.w.org\/{rel}","templated":true}]}}