{"id":14319,"date":"2022-03-02T15:10:47","date_gmt":"2022-03-02T15:10:47","guid":{"rendered":"https:\/\/arroyitoonline.com.ar\/?p=14319"},"modified":"2022-03-02T15:10:49","modified_gmt":"2022-03-02T15:10:49","slug":"construyeron-mas-de-100-nuevas-rampas-de-accesibilidad-en-esquinas-de-la-ciudad","status":"publish","type":"post","link":"https:\/\/arroyitoonline.com.ar\/?p=14319","title":{"rendered":"Construyeron m\u00e1s de 100 nuevas rampas de accesibilidad en esquinas de la ciudad"},"content":{"rendered":"\n<p><strong>Es en respuesta a la Resoluci\u00f3n Municipal 08\/2008, que garantiza la accesibilidad y la igualdad de derechos.<\/strong><\/p>\n\n\n\n<p>El Gobierno Municipal sigue generando acciones para el mejoramiento de la calidad de vida de los vecinos. En un proceso de planificaci\u00f3n urbana se est\u00e1n construyendo rampas de acceso en las esquinas de la ciudad.<\/p>\n\n\n\n<p>El objetivo es <em>&#8220;eliminar barreras arquitect\u00f3nicas, facilitando la circulaci\u00f3n de personas en sillas de ruedas, adultos mayores y cualquier persona que requiera apoyo en su movilidad&#8221;<\/em>. <\/p>\n\n\n\n<p>Hasta el momento se han realizado m\u00e1s de 104 rampas seg\u00fan el dise\u00f1o universal que describe la Ley de Accesibilidad 24.314, en espacios p\u00fablicos como las plazas, paseos y en las esquinas de las calles, con una planificaci\u00f3n futura para cada espacio nuevo de la ciudad.<\/p>\n\n\n\n<p>Esta acci\u00f3n desarrollada por la presente gesti\u00f3n, es en respuesta a la Resoluci\u00f3n Municipal 08\/2008, que garantiza la accesibilidad y la igualdad de derechos.<\/p>\n\n\n\n<p>La accesibilidad no solo implica la obra p\u00fablica, sino tambi\u00e9n la concientizaci\u00f3n de todos los vecinos de la ciudad, para que no se obstruyan estas rampas, haciendo de Arroyito una ciudad m\u00e1s inclusiva y solidaria.<\/p>\n","protected":false},"excerpt":{"rendered":"<p>Es en respuesta a la Resoluci\u00f3n Municipal 08\/2008, que garantiza la accesibilidad y la igualdad de derechos. El Gobierno Municipal&hellip;<\/p>\n","protected":false},"author":3,"featured_media":14320,"comment_status":"closed","ping_status":"open","sticky":false,"template":"","format":"standard","meta":{"footnotes":""},"categories":[1097,1044],"tags":[66,67,836,296,555,556,572,578],"class_list":["post-14319","post","type-post","status-publish","format-standard","has-post-thumbnail","hentry","category-discapacidad","category-obras-publicas","tag-arroyito","tag-arroyito-cordoba","tag-arroyito-online","tag-discapacidad","tag-municipalidad","tag-municipalidad-de-arroyito","tag-noticias-de-arroyito-y-zona","tag-obras-publicas"],"_links":{"self":[{"href":"https:\/\/arroyitoonline.com.ar\/index.php?rest_route=\/wp\/v2\/posts\/14319","targetHints":{"allow":["GET"]}}],"collection":[{"href":"https:\/\/arroyitoonline.com.ar\/index.php?rest_route=\/wp\/v2\/posts"}],"about":[{"href":"https:\/\/arroyitoonline.com.ar\/index.php?rest_route=\/wp\/v2\/types\/post"}],"author":[{"embeddable":true,"href":"https:\/\/arroyitoonline.com.ar\/index.php?rest_route=\/wp\/v2\/users\/3"}],"replies":[{"embeddable":true,"href":"https:\/\/arroyitoonline.com.ar\/index.php?rest_route=%2Fwp%2Fv2%2Fcomments&post=14319"}],"version-history":[{"count":1,"href":"https:\/\/arroyitoonline.com.ar\/index.php?rest_route=\/wp\/v2\/posts\/14319\/revisions"}],"predecessor-version":[{"id":14321,"href":"https:\/\/arroyitoonline.com.ar\/index.php?rest_route=\/wp\/v2\/posts\/14319\/revisions\/14321"}],"wp:featuredmedia":[{"embeddable":true,"href":"https:\/\/arroyitoonline.com.ar\/index.php?rest_route=\/wp\/v2\/media\/14320"}],"wp:attachment":[{"href":"https:\/\/arroyitoonline.com.ar\/index.php?rest_route=%2Fwp%2Fv2%2Fmedia&parent=14319"}],"wp:term":[{"taxonomy":"category","embeddable":true,"href":"https:\/\/arroyitoonline.com.ar\/index.php?rest_route=%2Fwp%2Fv2%2Fcategories&post=14319"},{"taxonomy":"post_tag","embeddable":true,"href":"https:\/\/arroyitoonline.com.ar\/index.php?rest_route=%2Fwp%2Fv2%2Ftags&post=14319"}],"curies":[{"name":"wp","href":"https:\/\/api.w.org\/{rel}","templated":true}]}}