{"id":14370,"date":"2022-03-21T15:10:34","date_gmt":"2022-03-21T15:10:34","guid":{"rendered":"https:\/\/arroyitoonline.com.ar\/?p=14370"},"modified":"2022-03-21T15:10:35","modified_gmt":"2022-03-21T15:10:35","slug":"joven-de-arroyito-perdio-la-vida-tras-volcar-en-la-camioneta-en-la-que-circulaba","status":"publish","type":"post","link":"https:\/\/arroyitoonline.com.ar\/?p=14370","title":{"rendered":"Joven de Arroyito perdi\u00f3 la vida tras volcar en la camioneta en la que circulaba"},"content":{"rendered":"\n<p><strong>Se desconocen los motivos por los que perdi\u00f3 el control del veh\u00edculo, dando un tumbo y quedando en la banquina.<\/strong><\/p>\n\n\n\n<p>A las 19:00 horas de ayer se registr\u00f3 un accidente de tr\u00e1nsito sobre la banquina de la Ruta E-52 a la altura del kil\u00f3metro 3, en el cruce con la Autov\u00eda N\u00b0 19. El siniestro dej\u00f3 como saldo una v\u00edctima fatal. <\/p>\n\n\n\n<p>Un joven de 23 a\u00f1os de esta ciudad circulaba a bordo de una pickup Fiat Strada de color roja. Se desconocen los motivos por los que perdi\u00f3 el control del veh\u00edculo, dando un tumbo y quedando en la banquina.<\/p>\n\n\n\n<p>Producto del vuelco, el conductor de la camioneta perdi\u00f3 la vida de manera instant\u00e1nea. Trabajaron en el lugar, personal policial y una dotaci\u00f3n de bomberos a cargo del Sgto. Ayte. BV Hugo Villarreal, en el M\u00f3vil 18. Intervino Fiscal\u00eda de Instrucci\u00f3n de Arroyito.<\/p>\n\n\n\n<p>Fuente: secci\u00f3n Prensa UR Departamental San Justo. <\/p>\n\n\n\n<p>Foto: Prensa Asociaci\u00f3n Bomberos Voluntarios de Arroyito.<\/p>\n","protected":false},"excerpt":{"rendered":"<p>Se desconocen los motivos por los que perdi\u00f3 el control del veh\u00edculo, dando un tumbo y quedando en la banquina.&hellip;<\/p>\n","protected":false},"author":3,"featured_media":14371,"comment_status":"closed","ping_status":"open","sticky":false,"template":"","format":"standard","meta":{"footnotes":""},"categories":[824],"tags":[22,66,67,836,979,87,127,128,129,572,635,637,638,825,700,737],"class_list":["post-14370","post","type-post","status-publish","format-standard","has-post-thumbnail","hentry","category-policiales-online","tag-accidente","tag-arroyito","tag-arroyito-cordoba","tag-arroyito-online","tag-autopista-ruta-19","tag-autovia","tag-bomberos-arroyito","tag-bomberos-de-arroyito","tag-bomberos-voluntarios","tag-noticias-de-arroyito-y-zona","tag-policia","tag-policiales","tag-policiales-arroyito","tag-policiales-online","tag-ruta-e-52","tag-siniestro-vial"],"_links":{"self":[{"href":"https:\/\/arroyitoonline.com.ar\/index.php?rest_route=\/wp\/v2\/posts\/14370","targetHints":{"allow":["GET"]}}],"collection":[{"href":"https:\/\/arroyitoonline.com.ar\/index.php?rest_route=\/wp\/v2\/posts"}],"about":[{"href":"https:\/\/arroyitoonline.com.ar\/index.php?rest_route=\/wp\/v2\/types\/post"}],"author":[{"embeddable":true,"href":"https:\/\/arroyitoonline.com.ar\/index.php?rest_route=\/wp\/v2\/users\/3"}],"replies":[{"embeddable":true,"href":"https:\/\/arroyitoonline.com.ar\/index.php?rest_route=%2Fwp%2Fv2%2Fcomments&post=14370"}],"version-history":[{"count":1,"href":"https:\/\/arroyitoonline.com.ar\/index.php?rest_route=\/wp\/v2\/posts\/14370\/revisions"}],"predecessor-version":[{"id":14372,"href":"https:\/\/arroyitoonline.com.ar\/index.php?rest_route=\/wp\/v2\/posts\/14370\/revisions\/14372"}],"wp:featuredmedia":[{"embeddable":true,"href":"https:\/\/arroyitoonline.com.ar\/index.php?rest_route=\/wp\/v2\/media\/14371"}],"wp:attachment":[{"href":"https:\/\/arroyitoonline.com.ar\/index.php?rest_route=%2Fwp%2Fv2%2Fmedia&parent=14370"}],"wp:term":[{"taxonomy":"category","embeddable":true,"href":"https:\/\/arroyitoonline.com.ar\/index.php?rest_route=%2Fwp%2Fv2%2Fcategories&post=14370"},{"taxonomy":"post_tag","embeddable":true,"href":"https:\/\/arroyitoonline.com.ar\/index.php?rest_route=%2Fwp%2Fv2%2Ftags&post=14370"}],"curies":[{"name":"wp","href":"https:\/\/api.w.org\/{rel}","templated":true}]}}