{"id":14377,"date":"2022-03-28T13:40:35","date_gmt":"2022-03-28T13:40:35","guid":{"rendered":"https:\/\/arroyitoonline.com.ar\/?p=14377"},"modified":"2022-03-28T13:41:23","modified_gmt":"2022-03-28T13:41:23","slug":"se-conformo-el-centro-vecinal-barrio-don-pablo","status":"publish","type":"post","link":"https:\/\/arroyitoonline.com.ar\/?p=14377","title":{"rendered":"Se conform\u00f3 el Centro Vecinal Barrio Don Pablo"},"content":{"rendered":"\n<p><strong>Este nuevo centro tiene como objetivo la b\u00fasqueda de soluciones a las diferentes inquietudes de los habitantes del sector. <\/strong><\/p>\n\n\n\n<p>El pasado jueves 17 de marzo, el coordinador de Centros vecinales del Gobierno Municipal, Martin Emilio, se reuni\u00f3 con un grupo de personas residentes de Barrio Don Pablo, para la conformaci\u00f3n de su propio centro vecinal. <\/p>\n\n\n\n<p><em>&#8220;Desde el inicio de la gesti\u00f3n, el intendente Benedetti siempre trabaj\u00f3 y motiv\u00f3 a los vecinos para que se organicen en estos espacios de participaci\u00f3n en post de las necesidades de sus barrios y que, adem\u00e1s, contribuyan al di\u00e1logo con el fin de conseguir mejoras para cada una de las barriadas&#8221;<\/em>, explicaron desde el gobierno local.<\/p>\n\n\n\n<p>Este nuevo centro tiene como objetivo la b\u00fasqueda de soluciones a las diferentes inquietudes de los habitantes del sector ubicado en la zona suroeste de nuestra ciudad.<\/p>\n\n\n\n<p><strong>El Centro Vecinal Barrio Don Pablo Arroyito quedo conformado de la siguiente manera:<\/strong><\/p>\n\n\n\n<ul class=\"wp-block-list\"><li>Presidente: Gast\u00f3n Culasso<\/li><li>Vicepresidenta: M\u00f3nica Bessone<\/li><li>Secretaria: Marcela Fern\u00e1ndez<\/li><li>Prosecretaria: Marcela Noriega<\/li><li>Tesorero: Esteban Ju\u00e1rez<\/li><li>Protesorero: Claudio Garay<\/li><li>Vocales Titulares: Mat\u00edas Bazzi, Franco Sclausero, Juli\u00e1n Taborda<\/li><li>Vocales Suplentes: Jorge S\u00e1nchez, Santiago Med\u00fas, Jorge Amantini<\/li><li>Revisadores de cuentas: Mauricio Serra, Daniel Ollero, Alejandra S\u00e1nchez<\/li><li>Vecina: Mar\u00eda Laura Bustos.<\/li><\/ul>\n\n\n\n<p><em>&#8220;La coordinaci\u00f3n de centros vecinales junto al Gobierno Municipal trabaja d\u00eda a d\u00eda para mejorar y articular el trabajo de los centros referenciales de Arroyito que son tan importantes para los ciudadanos&#8221;<\/em>, remarcaron desde la actual gesti\u00f3n.<\/p>\n","protected":false},"excerpt":{"rendered":"<p>Este nuevo centro tiene como objetivo la b\u00fasqueda de soluciones a las diferentes inquietudes de los habitantes del sector. El&hellip;<\/p>\n","protected":false},"author":3,"featured_media":14382,"comment_status":"closed","ping_status":"open","sticky":false,"template":"","format":"standard","meta":{"footnotes":""},"categories":[900],"tags":[66,67,836,1305,181,555,556,572],"class_list":["post-14377","post","type-post","status-publish","format-standard","has-post-thumbnail","hentry","category-noticias","tag-arroyito","tag-arroyito-cordoba","tag-arroyito-online","tag-centro-vecinal-don-pablo","tag-centros-vecinales","tag-municipalidad","tag-municipalidad-de-arroyito","tag-noticias-de-arroyito-y-zona"],"_links":{"self":[{"href":"https:\/\/arroyitoonline.com.ar\/index.php?rest_route=\/wp\/v2\/posts\/14377","targetHints":{"allow":["GET"]}}],"collection":[{"href":"https:\/\/arroyitoonline.com.ar\/index.php?rest_route=\/wp\/v2\/posts"}],"about":[{"href":"https:\/\/arroyitoonline.com.ar\/index.php?rest_route=\/wp\/v2\/types\/post"}],"author":[{"embeddable":true,"href":"https:\/\/arroyitoonline.com.ar\/index.php?rest_route=\/wp\/v2\/users\/3"}],"replies":[{"embeddable":true,"href":"https:\/\/arroyitoonline.com.ar\/index.php?rest_route=%2Fwp%2Fv2%2Fcomments&post=14377"}],"version-history":[{"count":1,"href":"https:\/\/arroyitoonline.com.ar\/index.php?rest_route=\/wp\/v2\/posts\/14377\/revisions"}],"predecessor-version":[{"id":14381,"href":"https:\/\/arroyitoonline.com.ar\/index.php?rest_route=\/wp\/v2\/posts\/14377\/revisions\/14381"}],"wp:featuredmedia":[{"embeddable":true,"href":"https:\/\/arroyitoonline.com.ar\/index.php?rest_route=\/wp\/v2\/media\/14382"}],"wp:attachment":[{"href":"https:\/\/arroyitoonline.com.ar\/index.php?rest_route=%2Fwp%2Fv2%2Fmedia&parent=14377"}],"wp:term":[{"taxonomy":"category","embeddable":true,"href":"https:\/\/arroyitoonline.com.ar\/index.php?rest_route=%2Fwp%2Fv2%2Fcategories&post=14377"},{"taxonomy":"post_tag","embeddable":true,"href":"https:\/\/arroyitoonline.com.ar\/index.php?rest_route=%2Fwp%2Fv2%2Ftags&post=14377"}],"curies":[{"name":"wp","href":"https:\/\/api.w.org\/{rel}","templated":true}]}}