{"id":14390,"date":"2022-04-01T02:11:45","date_gmt":"2022-04-01T02:11:45","guid":{"rendered":"https:\/\/arroyitoonline.com.ar\/?p=14390"},"modified":"2022-04-01T02:11:47","modified_gmt":"2022-04-01T02:11:47","slug":"mariano-acosta-el-primer-egresado-de-la-velez-que-llega-a-ser-director-de-la-escuela","status":"publish","type":"post","link":"https:\/\/arroyitoonline.com.ar\/?p=14390","title":{"rendered":"Mariano Acosta, el primer egresado de la V\u00e9lez que llega a ser director de la escuela"},"content":{"rendered":"\n<p><strong>El licenciado y Prof. en Ciencia Pol\u00edtica y magister en Investigaci\u00f3n Educativa asumir\u00e1 en el cargo este viernes 1 de abril.<\/strong><\/p>\n\n\n\n<p>En la ma\u00f1ana de este viernes 1 de abril, Mariano Oscar Acosta se transformar\u00e1 en director del Nivel Secundario de la Escuela Dr. Dalmacio V\u00e9lez Sarsfield. Se trata del primer egresado del colegio que asume el desaf\u00edo, tras casi 70 a\u00f1os de la creaci\u00f3n del establecimiento educativo. <\/p>\n\n\n\n<p>Hace dos semanas se le hab\u00eda acordado el beneficio de la jubilaci\u00f3n a Gustavo Alberto Montero, quien ocup\u00f3 el cargo desde 2001. <\/p>\n\n\n\n<p>Mariano Acosta ingres\u00f3 como alumno a la V\u00e9lez en 1987, donde se egres\u00f3 como Perito Mercantil en 1991. En el a\u00f1o 1992 comenz\u00f3 sus estudios en la Facultad de Ciencia Pol\u00edtica y Relaciones Internacionales de la Universidad Cat\u00f3lica de C\u00f3rdoba, logrando titularse como licenciado en Ciencia Pol\u00edtica.<\/p>\n\n\n\n<p>A\u00f1os despu\u00e9s, se form\u00f3 en docencia en la Facultad de Educaci\u00f3n de la UCC egresando como profesor Universitario en Ciencia Pol\u00edtica; y, a fines del a\u00f1o pasado, se recibi\u00f3 como mag\u00edster en Investigaci\u00f3n Educativa.<\/p>\n\n\n\n<p>Su incursi\u00f3n en la docencia se produjo en 1994 como \u201cAyudante Alumno\u201d mientras cursaba la Licenciatura en Ciencia Pol\u00edtica. En 2000 comenz\u00f3 a dar clases en el Nivel Secundario del Instituto Nuestra Se\u00f1ora de la Merced y, en 2001, asumi\u00f3 como titular de la asignatura Filosof\u00eda en la Escuela Dr. Dalmacio V\u00e9lez Sarsfield, materia que a\u00fan sigue dictando.<\/p>\n\n\n\n<p>Desde el a\u00f1o 2006 integra la Comisi\u00f3n que administra la Escuela V\u00e9lez. Tambi\u00e9n asumi\u00f3 como coordinador de la Extensi\u00f3n \u00c1ulica Arroyito de la UTN Facultad Reg. San Francisco. Adem\u00e1s, particip\u00f3 en la creaci\u00f3n del Nivel Superior velezano y de la gestaci\u00f3n del Centro de Aprendizaje Universitario Arroyito de la Universidad Siglo 21. En agosto de 2016 fue designado como vicedirector del Nivel Secundario.<\/p>\n\n\n\n<p>Desde ma\u00f1ana se convertir\u00e1 en el noveno Director del Nivel Secundario de la V\u00e9lez y el primer egresado, en casi 70 a\u00f1os desde la creaci\u00f3n de la Escuela, que asume ese desaf\u00edo.<\/p>\n","protected":false},"excerpt":{"rendered":"<p>El licenciado y Prof. en Ciencia Pol\u00edtica y magister en Investigaci\u00f3n Educativa asumir\u00e1 en el cargo este viernes 1 de&hellip;<\/p>\n","protected":false},"author":3,"featured_media":14391,"comment_status":"closed","ping_status":"open","sticky":false,"template":"","format":"standard","meta":{"footnotes":""},"categories":[830],"tags":[955,66,67,836,310,888,1309,572,657,793],"class_list":["post-14390","post","type-post","status-publish","format-standard","has-post-thumbnail","hentry","category-educacion-online","tag-acosta","tag-arroyito","tag-arroyito-cordoba","tag-arroyito-online","tag-educacion","tag-escuela-dr-dalmacio-velez-sarsfield","tag-mariano-acosta","tag-noticias-de-arroyito-y-zona","tag-profesionales","tag-velez-sarsfield"],"_links":{"self":[{"href":"https:\/\/arroyitoonline.com.ar\/index.php?rest_route=\/wp\/v2\/posts\/14390","targetHints":{"allow":["GET"]}}],"collection":[{"href":"https:\/\/arroyitoonline.com.ar\/index.php?rest_route=\/wp\/v2\/posts"}],"about":[{"href":"https:\/\/arroyitoonline.com.ar\/index.php?rest_route=\/wp\/v2\/types\/post"}],"author":[{"embeddable":true,"href":"https:\/\/arroyitoonline.com.ar\/index.php?rest_route=\/wp\/v2\/users\/3"}],"replies":[{"embeddable":true,"href":"https:\/\/arroyitoonline.com.ar\/index.php?rest_route=%2Fwp%2Fv2%2Fcomments&post=14390"}],"version-history":[{"count":1,"href":"https:\/\/arroyitoonline.com.ar\/index.php?rest_route=\/wp\/v2\/posts\/14390\/revisions"}],"predecessor-version":[{"id":14392,"href":"https:\/\/arroyitoonline.com.ar\/index.php?rest_route=\/wp\/v2\/posts\/14390\/revisions\/14392"}],"wp:featuredmedia":[{"embeddable":true,"href":"https:\/\/arroyitoonline.com.ar\/index.php?rest_route=\/wp\/v2\/media\/14391"}],"wp:attachment":[{"href":"https:\/\/arroyitoonline.com.ar\/index.php?rest_route=%2Fwp%2Fv2%2Fmedia&parent=14390"}],"wp:term":[{"taxonomy":"category","embeddable":true,"href":"https:\/\/arroyitoonline.com.ar\/index.php?rest_route=%2Fwp%2Fv2%2Fcategories&post=14390"},{"taxonomy":"post_tag","embeddable":true,"href":"https:\/\/arroyitoonline.com.ar\/index.php?rest_route=%2Fwp%2Fv2%2Ftags&post=14390"}],"curies":[{"name":"wp","href":"https:\/\/api.w.org\/{rel}","templated":true}]}}